{"id":329644,"date":"2024-05-19T18:26:40","date_gmt":"2024-05-19T15:26:40","guid":{"rendered":"https:\/\/sana.sy\/es\/?p=329644"},"modified":"2024-05-20T09:15:39","modified_gmt":"2024-05-20T06:15:39","slug":"sigue-desaparecido-el-helicoptero-accidentado-que-trasladaba-al-presidente-de-iran","status":"publish","type":"post","link":"https:\/\/archive.sana.sy\/es\/?p=329644","title":{"rendered":"Sigue desaparecido el helic\u00f3ptero accidentado que trasladaba al presidente de Ir\u00e1n"},"content":{"rendered":"<p style=\"text-align: justify;\"><span style=\"color: #800000;\"><strong>Teher\u00e1n, 19 may (SANA)<\/strong><\/span> E l helic\u00f3ptero del presidente de Ir\u00e1n, Ebrahim Raisi, realiz\u00f3 un aterrizaje forzoso debido a las malas condiciones clim\u00e1ticas.<\/p>\n<p style=\"text-align: justify;\">Medios de prensa iran\u00edes informaron que la aeronave transportaba al mandatario iran\u00ed y al canciller Hossein Amir Abdollahian, y sufri\u00f3 el accidente, en la provincia de Azerbaiy\u00e1n Oriental.<\/p>\n<p style=\"text-align: justify;\">El ministro del Interior iran\u00ed, Ahmed Vahidi, dijo que los equipos de rescate todav\u00eda est\u00e1n de camino al lugar del incidente debido a las dif\u00edciles condiciones clim\u00e1ticas.<\/p>\n<p style=\"text-align: justify;\">La televisi\u00f3n iran\u00ed anunci\u00f3 que 20 equipos de rescate acudieron al lugar del accidente e intentan localizar el helic\u00f3ptero.<\/p>\n<p style=\"text-align: justify;\">fm\/as<\/p>\n","protected":false},"excerpt":{"rendered":"<p>Teher\u00e1n, 19 may (SANA) E l helic\u00f3ptero del presidente de Ir\u00e1n, Ebrahim Raisi, realiz\u00f3 un aterrizaje forzoso debido a las malas condiciones clim\u00e1ticas. Medios de prensa iran\u00edes informaron que la aeronave transportaba al mandatario iran\u00ed y al canciller Hossein Amir Abdollahian, y sufri\u00f3 el accidente, en la provincia de Azerbaiy\u00e1n Oriental. El ministro del Interior &hellip;<\/p>\n","protected":false},"author":42,"featured_media":329659,"comment_status":"closed","ping_status":"closed","sticky":false,"template":"","format":"standard","meta":{"footnotes":""},"categories":[597,456,16687,20724],"tags":[],"class_list":["post-329644","post","type-post","status-publish","format-standard","has-post-thumbnail","","category-cinta-de-noticias","category-arabe-internacional-politica","category-internacionales","category-minuto-a-minuto"],"_links":{"self":[{"href":"https:\/\/archive.sana.sy\/es\/index.php?rest_route=\/wp\/v2\/posts\/329644"}],"collection":[{"href":"https:\/\/archive.sana.sy\/es\/index.php?rest_route=\/wp\/v2\/posts"}],"about":[{"href":"https:\/\/archive.sana.sy\/es\/index.php?rest_route=\/wp\/v2\/types\/post"}],"author":[{"embeddable":true,"href":"https:\/\/archive.sana.sy\/es\/index.php?rest_route=\/wp\/v2\/users\/42"}],"replies":[{"embeddable":true,"href":"https:\/\/archive.sana.sy\/es\/index.php?rest_route=%2Fwp%2Fv2%2Fcomments&post=329644"}],"version-history":[{"count":1,"href":"https:\/\/archive.sana.sy\/es\/index.php?rest_route=\/wp\/v2\/posts\/329644\/revisions"}],"predecessor-version":[{"id":329646,"href":"https:\/\/archive.sana.sy\/es\/index.php?rest_route=\/wp\/v2\/posts\/329644\/revisions\/329646"}],"wp:featuredmedia":[{"embeddable":true,"href":"https:\/\/archive.sana.sy\/es\/index.php?rest_route=\/wp\/v2\/media\/329659"}],"wp:attachment":[{"href":"https:\/\/archive.sana.sy\/es\/index.php?rest_route=%2Fwp%2Fv2%2Fmedia&parent=329644"}],"wp:term":[{"taxonomy":"category","embeddable":true,"href":"https:\/\/archive.sana.sy\/es\/index.php?rest_route=%2Fwp%2Fv2%2Fcategories&post=329644"},{"taxonomy":"post_tag","embeddable":true,"href":"https:\/\/archive.sana.sy\/es\/index.php?rest_route=%2Fwp%2Fv2%2Ftags&post=329644"}],"curies":[{"name":"wp","href":"https:\/\/api.w.org\/{rel}","templated":true}]}}