{"id":329653,"date":"2024-05-19T22:02:55","date_gmt":"2024-05-19T19:02:55","guid":{"rendered":"https:\/\/sana.sy\/es\/?p=329653"},"modified":"2024-05-19T22:02:55","modified_gmt":"2024-05-19T19:02:55","slug":"siria-expresa-su-plena-solidaridad-con-iran-por-el-accidente-del-helicoptero-del-presidente-raisi","status":"publish","type":"post","link":"https:\/\/archive.sana.sy\/es\/?p=329653","title":{"rendered":"Siria expresa su plena solidaridad con Ir\u00e1n por el accidente del helic\u00f3ptero del presidente Raisi"},"content":{"rendered":"<p style=\"text-align: justify;\"><span style=\"color: #800000;\"><strong>Damasco, 19 may (SANA)<\/strong><\/span>\u00a0 \u00a0El Ministerio de Asuntos Exteriores de Siria afirm\u00f3 hoy en una declaraci\u00f3n que sigue con gran inter\u00e9s y preocupaci\u00f3n el incidente del aterrizaje de emergencia del helic\u00f3ptero del presidente iran\u00ed Ebrahim Raisi y los esfuerzos de las agencias de la Rep\u00fablica Isl\u00e1mica de Ir\u00e1n y de los equipos de b\u00fasqueda para llegar al lugar de la aeronave.<\/p>\n<p style=\"text-align: justify;\">La declaraci\u00f3n afirma que el Gobierno sirio expresa su total solidaridad con la Rep\u00fablica Isl\u00e1mica de Ir\u00e1n y espera que el presidente Raisi y los otros funcionarios iran\u00edes que estaban con \u00e9l en el helic\u00f3ptero est\u00e9n bien.<\/p>\n<p style=\"text-align: justify;\">Expres\u00f3 la confianza en la capacidad y sabidur\u00eda del pueblo, Estado y liderazgo iran\u00ed para superar esta dif\u00edcil circunstancia y su disposici\u00f3n a brindar toda la ayuda posible.<\/p>\n<p style=\"text-align: justify;\">fm\/rr<\/p>\n","protected":false},"excerpt":{"rendered":"<p>Damasco, 19 may (SANA)\u00a0 \u00a0El Ministerio de Asuntos Exteriores de Siria afirm\u00f3 hoy en una declaraci\u00f3n que sigue con gran inter\u00e9s y preocupaci\u00f3n el incidente del aterrizaje de emergencia del helic\u00f3ptero del presidente iran\u00ed Ebrahim Raisi y los esfuerzos de las agencias de la Rep\u00fablica Isl\u00e1mica de Ir\u00e1n y de los equipos de b\u00fasqueda para &hellip;<\/p>\n","protected":false},"author":31,"featured_media":329654,"comment_status":"closed","ping_status":"closed","sticky":false,"template":"","format":"standard","meta":{"footnotes":""},"categories":[597,476,467,583],"tags":[2866,6553],"class_list":["post-329653","post","type-post","status-publish","format-standard","has-post-thumbnail","","category-cinta-de-noticias","category-locales","category-siria-y-el-mundo","category-slide","tag-iran","tag-siria"],"_links":{"self":[{"href":"https:\/\/archive.sana.sy\/es\/index.php?rest_route=\/wp\/v2\/posts\/329653"}],"collection":[{"href":"https:\/\/archive.sana.sy\/es\/index.php?rest_route=\/wp\/v2\/posts"}],"about":[{"href":"https:\/\/archive.sana.sy\/es\/index.php?rest_route=\/wp\/v2\/types\/post"}],"author":[{"embeddable":true,"href":"https:\/\/archive.sana.sy\/es\/index.php?rest_route=\/wp\/v2\/users\/31"}],"replies":[{"embeddable":true,"href":"https:\/\/archive.sana.sy\/es\/index.php?rest_route=%2Fwp%2Fv2%2Fcomments&post=329653"}],"version-history":[{"count":1,"href":"https:\/\/archive.sana.sy\/es\/index.php?rest_route=\/wp\/v2\/posts\/329653\/revisions"}],"predecessor-version":[{"id":329655,"href":"https:\/\/archive.sana.sy\/es\/index.php?rest_route=\/wp\/v2\/posts\/329653\/revisions\/329655"}],"wp:featuredmedia":[{"embeddable":true,"href":"https:\/\/archive.sana.sy\/es\/index.php?rest_route=\/wp\/v2\/media\/329654"}],"wp:attachment":[{"href":"https:\/\/archive.sana.sy\/es\/index.php?rest_route=%2Fwp%2Fv2%2Fmedia&parent=329653"}],"wp:term":[{"taxonomy":"category","embeddable":true,"href":"https:\/\/archive.sana.sy\/es\/index.php?rest_route=%2Fwp%2Fv2%2Fcategories&post=329653"},{"taxonomy":"post_tag","embeddable":true,"href":"https:\/\/archive.sana.sy\/es\/index.php?rest_route=%2Fwp%2Fv2%2Ftags&post=329653"}],"curies":[{"name":"wp","href":"https:\/\/api.w.org\/{rel}","templated":true}]}}