{"id":329656,"date":"2024-05-20T06:28:50","date_gmt":"2024-05-20T03:28:50","guid":{"rendered":"https:\/\/sana.sy\/es\/?p=329656"},"modified":"2024-05-20T09:15:06","modified_gmt":"2024-05-20T06:15:06","slug":"helicoptero-del-presidente-de-iran-se-estrello-y-los-equipos-de-rescate-llegan-al-lugar","status":"publish","type":"post","link":"https:\/\/archive.sana.sy\/es\/?p=329656","title":{"rendered":"Helic\u00f3ptero del presidente de Ir\u00e1n se estrell\u00f3 y los equipos de rescate llegan al lugar"},"content":{"rendered":"<p style=\"text-align: justify;\"><span style=\"color: #800000;\"><strong>Teher\u00e1n, 20 may (SANA)<\/strong> <\/span>El helic\u00f3ptero en el que viajaba el presidente de Ir\u00e1n, Ebrahim Raisi, se estrell\u00f3, y los equipos de rescate llegaron al lugar, inform\u00f3 la agencia de noticias Tasnim.<\/p>\n<p style=\"text-align: justify;\">A bordo de la aeronave en la que viajaba Raisi tambi\u00e9n estaban el ministro de Asuntos Exteriores, Hossein Amirabdollahian, y el gobernador de la provincia de Azerbaiy\u00e1n Oriental, el ayatol\u00e1 Seyyed Mohammad-Ali Al-Hashem.<\/p>\n<p style=\"text-align: justify;\">El jefe de la Media Luna Roja iran\u00ed, Pirhosein Kolivand, afirm\u00f3 que se ha encontrado el lugar del helic\u00f3ptero siniestrado.<\/p>\n<p style=\"text-align: justify;\">Anteriormente, la Media Luna Roja iran\u00ed hab\u00eda declarado que 73 equipos de rescate est\u00e1n buscando la probable regi\u00f3n del incidente del helic\u00f3ptero de Raisi, de los cuales 23 grupos de socorro cuentan con los perros de rescate y los equipos avanzados para buscar la zona.fm<\/p>\n","protected":false},"excerpt":{"rendered":"<p>Teher\u00e1n, 20 may (SANA) El helic\u00f3ptero en el que viajaba el presidente de Ir\u00e1n, Ebrahim Raisi, se estrell\u00f3, y los equipos de rescate llegaron al lugar, inform\u00f3 la agencia de noticias Tasnim. A bordo de la aeronave en la que viajaba Raisi tambi\u00e9n estaban el ministro de Asuntos Exteriores, Hossein Amirabdollahian, y el gobernador de &hellip;<\/p>\n","protected":false},"author":34,"featured_media":329660,"comment_status":"closed","ping_status":"closed","sticky":false,"template":"","format":"standard","meta":{"footnotes":""},"categories":[597,456,20724],"tags":[],"class_list":["post-329656","post","type-post","status-publish","format-standard","has-post-thumbnail","","category-cinta-de-noticias","category-arabe-internacional-politica","category-minuto-a-minuto"],"_links":{"self":[{"href":"https:\/\/archive.sana.sy\/es\/index.php?rest_route=\/wp\/v2\/posts\/329656"}],"collection":[{"href":"https:\/\/archive.sana.sy\/es\/index.php?rest_route=\/wp\/v2\/posts"}],"about":[{"href":"https:\/\/archive.sana.sy\/es\/index.php?rest_route=\/wp\/v2\/types\/post"}],"author":[{"embeddable":true,"href":"https:\/\/archive.sana.sy\/es\/index.php?rest_route=\/wp\/v2\/users\/34"}],"replies":[{"embeddable":true,"href":"https:\/\/archive.sana.sy\/es\/index.php?rest_route=%2Fwp%2Fv2%2Fcomments&post=329656"}],"version-history":[{"count":1,"href":"https:\/\/archive.sana.sy\/es\/index.php?rest_route=\/wp\/v2\/posts\/329656\/revisions"}],"predecessor-version":[{"id":329658,"href":"https:\/\/archive.sana.sy\/es\/index.php?rest_route=\/wp\/v2\/posts\/329656\/revisions\/329658"}],"wp:featuredmedia":[{"embeddable":true,"href":"https:\/\/archive.sana.sy\/es\/index.php?rest_route=\/wp\/v2\/media\/329660"}],"wp:attachment":[{"href":"https:\/\/archive.sana.sy\/es\/index.php?rest_route=%2Fwp%2Fv2%2Fmedia&parent=329656"}],"wp:term":[{"taxonomy":"category","embeddable":true,"href":"https:\/\/archive.sana.sy\/es\/index.php?rest_route=%2Fwp%2Fv2%2Fcategories&post=329656"},{"taxonomy":"post_tag","embeddable":true,"href":"https:\/\/archive.sana.sy\/es\/index.php?rest_route=%2Fwp%2Fv2%2Ftags&post=329656"}],"curies":[{"name":"wp","href":"https:\/\/api.w.org\/{rel}","templated":true}]}}