{"id":329663,"date":"2024-05-20T08:39:44","date_gmt":"2024-05-20T05:39:44","guid":{"rendered":"https:\/\/sana.sy\/es\/?p=329663"},"modified":"2024-05-20T08:39:44","modified_gmt":"2024-05-20T05:39:44","slug":"confirman-muerte-del-presidente-de-iran-en-accidente-de-helicoptero","status":"publish","type":"post","link":"https:\/\/archive.sana.sy\/es\/?p=329663","title":{"rendered":"Confirman muerte del presidente de Ir\u00e1n en accidente de helic\u00f3ptero"},"content":{"rendered":"<p style=\"text-align: justify;\"><span style=\"color: #800000;\"><strong>Teher\u00e1n, 20 may (SANA)<\/strong> <\/span>El presidente de Rep\u00fablica Isl\u00e1mica de Ir\u00e1n, Ebrahim Raisi, muri\u00f3 hoy tras estrellarse el helic\u00f3ptero en el que viajaba.<\/p>\n<p style=\"text-align: justify;\">El Gobierno iran\u00ed expres\u00f3 sus condolencias por el siniestro que ha costado la vida tambi\u00e9n al canciller del pa\u00eds, Hossein Amirabdollahian, al tiempo que ha manifestado que &#8220;no habr\u00e1 la menor perturbaci\u00f3n en la gesti\u00f3n&#8221; del pa\u00eds.<\/p>\n<p style=\"text-align: justify;\">La noticia sobre el accidente fatal fue confirmada en la cuenta oficial de Raisi en X y por el exministro de Asuntos Exteriores de Ir\u00e1n, Mohammad Yavad Zarif y por el vicepresidente ejecutivo iran\u00ed, Mohsen Mansouri.<\/p>\n<p style=\"text-align: justify;\">La aeronave en la que iba el mandatario tuvo que realizar un aterrizaje forzoso debido a la densa niebla.<\/p>\n<p style=\"text-align: justify;\">fm\/as<\/p>\n","protected":false},"excerpt":{"rendered":"<p>Teher\u00e1n, 20 may (SANA) El presidente de Rep\u00fablica Isl\u00e1mica de Ir\u00e1n, Ebrahim Raisi, muri\u00f3 hoy tras estrellarse el helic\u00f3ptero en el que viajaba. El Gobierno iran\u00ed expres\u00f3 sus condolencias por el siniestro que ha costado la vida tambi\u00e9n al canciller del pa\u00eds, Hossein Amirabdollahian, al tiempo que ha manifestado que &#8220;no habr\u00e1 la menor perturbaci\u00f3n &hellip;<\/p>\n","protected":false},"author":42,"featured_media":329664,"comment_status":"closed","ping_status":"closed","sticky":false,"template":"","format":"standard","meta":{"footnotes":""},"categories":[597,456,16687,20724,583],"tags":[],"class_list":["post-329663","post","type-post","status-publish","format-standard","has-post-thumbnail","","category-cinta-de-noticias","category-arabe-internacional-politica","category-internacionales","category-minuto-a-minuto","category-slide"],"_links":{"self":[{"href":"https:\/\/archive.sana.sy\/es\/index.php?rest_route=\/wp\/v2\/posts\/329663"}],"collection":[{"href":"https:\/\/archive.sana.sy\/es\/index.php?rest_route=\/wp\/v2\/posts"}],"about":[{"href":"https:\/\/archive.sana.sy\/es\/index.php?rest_route=\/wp\/v2\/types\/post"}],"author":[{"embeddable":true,"href":"https:\/\/archive.sana.sy\/es\/index.php?rest_route=\/wp\/v2\/users\/42"}],"replies":[{"embeddable":true,"href":"https:\/\/archive.sana.sy\/es\/index.php?rest_route=%2Fwp%2Fv2%2Fcomments&post=329663"}],"version-history":[{"count":1,"href":"https:\/\/archive.sana.sy\/es\/index.php?rest_route=\/wp\/v2\/posts\/329663\/revisions"}],"predecessor-version":[{"id":329665,"href":"https:\/\/archive.sana.sy\/es\/index.php?rest_route=\/wp\/v2\/posts\/329663\/revisions\/329665"}],"wp:featuredmedia":[{"embeddable":true,"href":"https:\/\/archive.sana.sy\/es\/index.php?rest_route=\/wp\/v2\/media\/329664"}],"wp:attachment":[{"href":"https:\/\/archive.sana.sy\/es\/index.php?rest_route=%2Fwp%2Fv2%2Fmedia&parent=329663"}],"wp:term":[{"taxonomy":"category","embeddable":true,"href":"https:\/\/archive.sana.sy\/es\/index.php?rest_route=%2Fwp%2Fv2%2Fcategories&post=329663"},{"taxonomy":"post_tag","embeddable":true,"href":"https:\/\/archive.sana.sy\/es\/index.php?rest_route=%2Fwp%2Fv2%2Ftags&post=329663"}],"curies":[{"name":"wp","href":"https:\/\/api.w.org\/{rel}","templated":true}]}}