{"id":329673,"date":"2024-05-20T11:23:21","date_gmt":"2024-05-20T08:23:21","guid":{"rendered":"https:\/\/sana.sy\/es\/?p=329673"},"modified":"2024-05-20T11:23:21","modified_gmt":"2024-05-20T08:23:21","slug":"iraq-expresa-condolencias-al-pueblo-irani-por-muerte-de-raisi","status":"publish","type":"post","link":"https:\/\/archive.sana.sy\/es\/?p=329673","title":{"rendered":"Iraq expresa condolencias al pueblo iran\u00ed por muerte de Raisi"},"content":{"rendered":"<p style=\"text-align: justify;\"><span style=\"color: #800000;\"><strong>Bagdad, 20 may (SANA) <\/strong><\/span>El primer ministro iraqu\u00ed, Muhammad Shiaa Al-Sudani, expres\u00f3 sus m\u00e1s sinceras condolencias al gobierno y pueblo de Ir\u00e1n, por la muerte del presidente Ebrahim Raisi, en el accidente del helic\u00f3ptero en el que viajaba.<\/p>\n<p style=\"text-align: justify;\">\u201cCon gran tristeza y pesar, recibimos la noticia del fallecimiento del presidente de la Rep\u00fablica Isl\u00e1mica de Ir\u00e1n, Ebrahim Raisi, el ministro de Asuntos Exteriores, Hossein Amir Abdollahian, y la delegaci\u00f3n que los acompa\u00f1aba durante el lamentable accidente a\u00e9reo\u201d, dijo Al-Sudani en un comunicado.<\/p>\n<p style=\"text-align: justify;\">Extendi\u00f3 sus m\u00e1s sentidas condolencias al Gran Ayatollah Imam Ali Khamenei, l\u00edder de la Revoluci\u00f3n Isl\u00e1mica Iran\u00ed, y al gobierno y pueblo de Ir\u00e1n, y expres\u00f3 la solidaridad con el hermano pueblo iran\u00ed\u201d.<\/p>\n<p style=\"text-align: justify;\">as\/fm<\/p>\n<p style=\"text-align: justify;\">\n","protected":false},"excerpt":{"rendered":"<p>Bagdad, 20 may (SANA) El primer ministro iraqu\u00ed, Muhammad Shiaa Al-Sudani, expres\u00f3 sus m\u00e1s sinceras condolencias al gobierno y pueblo de Ir\u00e1n, por la muerte del presidente Ebrahim Raisi, en el accidente del helic\u00f3ptero en el que viajaba. \u201cCon gran tristeza y pesar, recibimos la noticia del fallecimiento del presidente de la Rep\u00fablica Isl\u00e1mica de &hellip;<\/p>\n","protected":false},"author":42,"featured_media":329674,"comment_status":"closed","ping_status":"closed","sticky":false,"template":"","format":"standard","meta":{"footnotes":""},"categories":[597,456,16687,20724,7541],"tags":[],"class_list":["post-329673","post","type-post","status-publish","format-standard","has-post-thumbnail","","category-cinta-de-noticias","category-arabe-internacional-politica","category-internacionales","category-minuto-a-minuto","category-ultimas-noticias"],"_links":{"self":[{"href":"https:\/\/archive.sana.sy\/es\/index.php?rest_route=\/wp\/v2\/posts\/329673"}],"collection":[{"href":"https:\/\/archive.sana.sy\/es\/index.php?rest_route=\/wp\/v2\/posts"}],"about":[{"href":"https:\/\/archive.sana.sy\/es\/index.php?rest_route=\/wp\/v2\/types\/post"}],"author":[{"embeddable":true,"href":"https:\/\/archive.sana.sy\/es\/index.php?rest_route=\/wp\/v2\/users\/42"}],"replies":[{"embeddable":true,"href":"https:\/\/archive.sana.sy\/es\/index.php?rest_route=%2Fwp%2Fv2%2Fcomments&post=329673"}],"version-history":[{"count":1,"href":"https:\/\/archive.sana.sy\/es\/index.php?rest_route=\/wp\/v2\/posts\/329673\/revisions"}],"predecessor-version":[{"id":329675,"href":"https:\/\/archive.sana.sy\/es\/index.php?rest_route=\/wp\/v2\/posts\/329673\/revisions\/329675"}],"wp:featuredmedia":[{"embeddable":true,"href":"https:\/\/archive.sana.sy\/es\/index.php?rest_route=\/wp\/v2\/media\/329674"}],"wp:attachment":[{"href":"https:\/\/archive.sana.sy\/es\/index.php?rest_route=%2Fwp%2Fv2%2Fmedia&parent=329673"}],"wp:term":[{"taxonomy":"category","embeddable":true,"href":"https:\/\/archive.sana.sy\/es\/index.php?rest_route=%2Fwp%2Fv2%2Fcategories&post=329673"},{"taxonomy":"post_tag","embeddable":true,"href":"https:\/\/archive.sana.sy\/es\/index.php?rest_route=%2Fwp%2Fv2%2Ftags&post=329673"}],"curies":[{"name":"wp","href":"https:\/\/api.w.org\/{rel}","templated":true}]}}