{"id":329680,"date":"2024-05-20T11:35:38","date_gmt":"2024-05-20T08:35:38","guid":{"rendered":"https:\/\/sana.sy\/es\/?p=329680"},"modified":"2024-05-20T11:35:38","modified_gmt":"2024-05-20T08:35:38","slug":"raisi-fue-el-mejor-hermano-y-amigo-de-siria-y-su-pueblo-afirma-primer-ministro-sirio","status":"publish","type":"post","link":"https:\/\/archive.sana.sy\/es\/?p=329680","title":{"rendered":"Raisi fue el mejor hermano y amigo de Siria y su pueblo, afirma Primer Ministro sirio"},"content":{"rendered":"<p style=\"text-align: justify;\"><span style=\"color: #800000;\"><strong>Damasco, 20 may (SANA)<\/strong><\/span> El primer ministro sirio Hussein Arnous envi\u00f3 un mensaje de condolencia al primer vicepresidente de Ir\u00e1n, Mohammad Mokhber, en el que expres\u00f3 sus m\u00e1s sentidos sentimientos de tristeza y pesar al recibir la noticia del fallecimiento de presidente Ebrahim Raisi, del ministro de Asuntos Exteriores, Hossein Amir Abdollahian, y de los miembros de la delegaci\u00f3n que los acompa\u00f1aba, en el lamentable y doloroso accidente a\u00e9reo.<\/p>\n<p style=\"text-align: justify;\">El gobierno de la Rep\u00fablica \u00c1rabe Siria expresa sus m\u00e1s profundos sentimientos de tristeza y dolor, y su solidaridad con la dirigencia y gobierno de la Rep\u00fablica Isl\u00e1mica de Ir\u00e1n por esta gran p\u00e9rdida y tragedia, afirm\u00f3 Arnous en su mensaje de condolencia.<\/p>\n<p style=\"text-align: justify;\">Consider\u00f3 que Raisi fue el mejor hermano y amigo de Siria y su pueblo, y trabaj\u00f3 para desarrollar relaciones de cooperaci\u00f3n entre los dos pa\u00edses hermanos en todos los campos.<\/p>\n<p style=\"text-align: justify;\">En nombre del gobierno de la Rep\u00fablica \u00c1rabe Siria y en mi nombre personal, le ofrezco a usted y al amigo pueblo iran\u00ed, mi m\u00e1s sincero y c\u00e1lido p\u00e9same por esta gran p\u00e9rdida, agreg\u00f3 el jefe del Ejecutivo sirio.<\/p>\n<p style=\"text-align: justify;\">Destac\u00f3 la distinguida presencia del fallecido presidente, quien trabaj\u00f3 al servicio de su pa\u00eds y su pueblo, y se resalt\u00f3 por sus posiciones firmes y honorables, y su defensa de los derechos de los oprimidos y de la soberan\u00eda de los estados.<\/p>\n<p style=\"text-align: justify;\">Confiamos en la capacidad de la dirigencia, el gobierno y el pueblo de Ir\u00e1n para superar esta terrible experiencia y dolorosa tragedia, y preservar la seguridad y estabilidad de su pa\u00eds, concluy\u00f3 Arnous su mensaje.<\/p>\n<p style=\"text-align: justify;\">fm\/as<\/p>\n","protected":false},"excerpt":{"rendered":"<p>Damasco, 20 may (SANA) El primer ministro sirio Hussein Arnous envi\u00f3 un mensaje de condolencia al primer vicepresidente de Ir\u00e1n, Mohammad Mokhber, en el que expres\u00f3 sus m\u00e1s sentidos sentimientos de tristeza y pesar al recibir la noticia del fallecimiento de presidente Ebrahim Raisi, del ministro de Asuntos Exteriores, Hossein Amir Abdollahian, y de los &hellip;<\/p>\n","protected":false},"author":42,"featured_media":329681,"comment_status":"closed","ping_status":"closed","sticky":false,"template":"","format":"standard","meta":{"footnotes":""},"categories":[597,20724,467,7541],"tags":[],"class_list":["post-329680","post","type-post","status-publish","format-standard","has-post-thumbnail","","category-cinta-de-noticias","category-minuto-a-minuto","category-siria-y-el-mundo","category-ultimas-noticias"],"_links":{"self":[{"href":"https:\/\/archive.sana.sy\/es\/index.php?rest_route=\/wp\/v2\/posts\/329680"}],"collection":[{"href":"https:\/\/archive.sana.sy\/es\/index.php?rest_route=\/wp\/v2\/posts"}],"about":[{"href":"https:\/\/archive.sana.sy\/es\/index.php?rest_route=\/wp\/v2\/types\/post"}],"author":[{"embeddable":true,"href":"https:\/\/archive.sana.sy\/es\/index.php?rest_route=\/wp\/v2\/users\/42"}],"replies":[{"embeddable":true,"href":"https:\/\/archive.sana.sy\/es\/index.php?rest_route=%2Fwp%2Fv2%2Fcomments&post=329680"}],"version-history":[{"count":1,"href":"https:\/\/archive.sana.sy\/es\/index.php?rest_route=\/wp\/v2\/posts\/329680\/revisions"}],"predecessor-version":[{"id":329682,"href":"https:\/\/archive.sana.sy\/es\/index.php?rest_route=\/wp\/v2\/posts\/329680\/revisions\/329682"}],"wp:featuredmedia":[{"embeddable":true,"href":"https:\/\/archive.sana.sy\/es\/index.php?rest_route=\/wp\/v2\/media\/329681"}],"wp:attachment":[{"href":"https:\/\/archive.sana.sy\/es\/index.php?rest_route=%2Fwp%2Fv2%2Fmedia&parent=329680"}],"wp:term":[{"taxonomy":"category","embeddable":true,"href":"https:\/\/archive.sana.sy\/es\/index.php?rest_route=%2Fwp%2Fv2%2Fcategories&post=329680"},{"taxonomy":"post_tag","embeddable":true,"href":"https:\/\/archive.sana.sy\/es\/index.php?rest_route=%2Fwp%2Fv2%2Ftags&post=329680"}],"curies":[{"name":"wp","href":"https:\/\/api.w.org\/{rel}","templated":true}]}}