{"id":329689,"date":"2024-05-20T12:24:13","date_gmt":"2024-05-20T09:24:13","guid":{"rendered":"https:\/\/sana.sy\/es\/?p=329689"},"modified":"2024-05-20T12:24:13","modified_gmt":"2024-05-20T09:24:13","slug":"iran-nombra-a-nuevo-canciller-tras-fallecimiento-de-ami-abdollahian","status":"publish","type":"post","link":"https:\/\/archive.sana.sy\/es\/?p=329689","title":{"rendered":"Ir\u00e1n nombra a nuevo canciller tras fallecimiento de Ami Abdollahian"},"content":{"rendered":"<p style=\"text-align: justify;\"><span style=\"color: #800000;\"><strong>Teher\u00e1n, 20 may (SANA)<\/strong><\/span> El diplom\u00e1tico iran\u00ed, Ali Bagheri, fue nombrado hoy ministro interino de Asuntos Exteriores de Ir\u00e1n tras la tr\u00e1gica muerte del canciller del pa\u00eds, Hossein Amirabdollahian, quien falleci\u00f3 este domingo en un accidente de helic\u00f3ptero junto con el presidente iran\u00ed, Ebrahim Raisi, y otros altos funcionarios.<\/p>\n<p style=\"text-align: justify;\">La candidatura de Bagheri fue aprobada por el Consejo de Gobierno.<\/p>\n<p style=\"text-align: justify;\">Ali Bagheri tambi\u00e9n fue designado como jefe del Comit\u00e9 de Relaciones Exteriores del Gobierno de la Rep\u00fablica Isl\u00e1mica, comunic\u00f3 un portavoz del Gobierno iran\u00ed a la agencia IRNA.<\/p>\n<p style=\"text-align: justify;\">fm\/as<\/p>\n","protected":false},"excerpt":{"rendered":"<p>Teher\u00e1n, 20 may (SANA) El diplom\u00e1tico iran\u00ed, Ali Bagheri, fue nombrado hoy ministro interino de Asuntos Exteriores de Ir\u00e1n tras la tr\u00e1gica muerte del canciller del pa\u00eds, Hossein Amirabdollahian, quien falleci\u00f3 este domingo en un accidente de helic\u00f3ptero junto con el presidente iran\u00ed, Ebrahim Raisi, y otros altos funcionarios. La candidatura de Bagheri fue aprobada &hellip;<\/p>\n","protected":false},"author":42,"featured_media":329690,"comment_status":"closed","ping_status":"closed","sticky":false,"template":"","format":"standard","meta":{"footnotes":""},"categories":[597,456,16687,20724,7541],"tags":[],"class_list":["post-329689","post","type-post","status-publish","format-standard","has-post-thumbnail","","category-cinta-de-noticias","category-arabe-internacional-politica","category-internacionales","category-minuto-a-minuto","category-ultimas-noticias"],"_links":{"self":[{"href":"https:\/\/archive.sana.sy\/es\/index.php?rest_route=\/wp\/v2\/posts\/329689"}],"collection":[{"href":"https:\/\/archive.sana.sy\/es\/index.php?rest_route=\/wp\/v2\/posts"}],"about":[{"href":"https:\/\/archive.sana.sy\/es\/index.php?rest_route=\/wp\/v2\/types\/post"}],"author":[{"embeddable":true,"href":"https:\/\/archive.sana.sy\/es\/index.php?rest_route=\/wp\/v2\/users\/42"}],"replies":[{"embeddable":true,"href":"https:\/\/archive.sana.sy\/es\/index.php?rest_route=%2Fwp%2Fv2%2Fcomments&post=329689"}],"version-history":[{"count":1,"href":"https:\/\/archive.sana.sy\/es\/index.php?rest_route=\/wp\/v2\/posts\/329689\/revisions"}],"predecessor-version":[{"id":329691,"href":"https:\/\/archive.sana.sy\/es\/index.php?rest_route=\/wp\/v2\/posts\/329689\/revisions\/329691"}],"wp:featuredmedia":[{"embeddable":true,"href":"https:\/\/archive.sana.sy\/es\/index.php?rest_route=\/wp\/v2\/media\/329690"}],"wp:attachment":[{"href":"https:\/\/archive.sana.sy\/es\/index.php?rest_route=%2Fwp%2Fv2%2Fmedia&parent=329689"}],"wp:term":[{"taxonomy":"category","embeddable":true,"href":"https:\/\/archive.sana.sy\/es\/index.php?rest_route=%2Fwp%2Fv2%2Fcategories&post=329689"},{"taxonomy":"post_tag","embeddable":true,"href":"https:\/\/archive.sana.sy\/es\/index.php?rest_route=%2Fwp%2Fv2%2Ftags&post=329689"}],"curies":[{"name":"wp","href":"https:\/\/api.w.org\/{rel}","templated":true}]}}