{"id":329693,"date":"2024-05-20T12:37:56","date_gmt":"2024-05-20T09:37:56","guid":{"rendered":"https:\/\/sana.sy\/es\/?p=329693"},"modified":"2024-05-20T20:05:06","modified_gmt":"2024-05-20T17:05:06","slug":"protestan-en-damasco-por-crimenes-israelies-contra-los-prisioneros-palestinos","status":"publish","type":"post","link":"https:\/\/archive.sana.sy\/es\/?p=329693","title":{"rendered":"Protestan en Damasco por cr\u00edmenes israel\u00edes contra los prisioneros palestinos"},"content":{"rendered":"<p style=\"text-align: justify;\"><span style=\"color: #800000;\"><strong>Damasco, 20 may (SANA)<\/strong><\/span> Una protesta frente a la sede de la misi\u00f3n del Comit\u00e9 Internacional de la Cruz Roja en Damasco para denunciar los cr\u00edmenes cometidos por el ocupante israel\u00ed contra los prisioneros palestinos encarcelados en centros de detenci\u00f3n israel\u00edes.<\/p>\n<p style=\"text-align: justify;\">as\/fm<\/p>\n","protected":false},"excerpt":{"rendered":"<p>Damasco, 20 may (SANA) Una protesta frente a la sede de la misi\u00f3n del Comit\u00e9 Internacional de la Cruz Roja en Damasco para denunciar los cr\u00edmenes cometidos por el ocupante israel\u00ed contra los prisioneros palestinos encarcelados en centros de detenci\u00f3n israel\u00edes. as\/fm<\/p>\n","protected":false},"author":42,"featured_media":329724,"comment_status":"closed","ping_status":"closed","sticky":false,"template":"","format":"standard","meta":{"footnotes":""},"categories":[597,476],"tags":[],"class_list":["post-329693","post","type-post","status-publish","format-standard","has-post-thumbnail","","category-cinta-de-noticias","category-locales"],"_links":{"self":[{"href":"https:\/\/archive.sana.sy\/es\/index.php?rest_route=\/wp\/v2\/posts\/329693"}],"collection":[{"href":"https:\/\/archive.sana.sy\/es\/index.php?rest_route=\/wp\/v2\/posts"}],"about":[{"href":"https:\/\/archive.sana.sy\/es\/index.php?rest_route=\/wp\/v2\/types\/post"}],"author":[{"embeddable":true,"href":"https:\/\/archive.sana.sy\/es\/index.php?rest_route=\/wp\/v2\/users\/42"}],"replies":[{"embeddable":true,"href":"https:\/\/archive.sana.sy\/es\/index.php?rest_route=%2Fwp%2Fv2%2Fcomments&post=329693"}],"version-history":[{"count":4,"href":"https:\/\/archive.sana.sy\/es\/index.php?rest_route=\/wp\/v2\/posts\/329693\/revisions"}],"predecessor-version":[{"id":329744,"href":"https:\/\/archive.sana.sy\/es\/index.php?rest_route=\/wp\/v2\/posts\/329693\/revisions\/329744"}],"wp:featuredmedia":[{"embeddable":true,"href":"https:\/\/archive.sana.sy\/es\/index.php?rest_route=\/wp\/v2\/media\/329724"}],"wp:attachment":[{"href":"https:\/\/archive.sana.sy\/es\/index.php?rest_route=%2Fwp%2Fv2%2Fmedia&parent=329693"}],"wp:term":[{"taxonomy":"category","embeddable":true,"href":"https:\/\/archive.sana.sy\/es\/index.php?rest_route=%2Fwp%2Fv2%2Fcategories&post=329693"},{"taxonomy":"post_tag","embeddable":true,"href":"https:\/\/archive.sana.sy\/es\/index.php?rest_route=%2Fwp%2Fv2%2Ftags&post=329693"}],"curies":[{"name":"wp","href":"https:\/\/api.w.org\/{rel}","templated":true}]}}