{"id":329696,"date":"2024-05-20T12:42:02","date_gmt":"2024-05-20T09:42:02","guid":{"rendered":"https:\/\/sana.sy\/es\/?p=329696"},"modified":"2024-05-20T12:42:02","modified_gmt":"2024-05-20T09:42:02","slug":"reportan-muertos-y-heridos-en-nuevos-bombardeos-israelies-contra-gaza","status":"publish","type":"post","link":"https:\/\/archive.sana.sy\/es\/?p=329696","title":{"rendered":"Reportan muertos y heridos en nuevos bombardeos israel\u00edes contra Gaza"},"content":{"rendered":"<p style=\"text-align: justify;\"><span style=\"color: #800000;\"><strong>Jerusal\u00e9n ocupada, 20 may (SANA) <\/strong><\/span>Decenas de palestinos perdieron la vida o resultaron heridos en una nueva jornada de bombardeos israel\u00edes contra Gaza.<\/p>\n<p style=\"text-align: justify;\">El ej\u00e9rcito israel\u00ed atac\u00f3 una casa en los alrededores de la escuela Al-Qadisiyah en el barrio de Tal Al-Sultan, al oeste de la ciudad de Raf\u00e1, al sur de la Franja de Gaza, matando a tres palestinos e hiriendo a otros ocho, entre ellos ni\u00f1os y mujeres.<\/p>\n<p style=\"text-align: justify;\">Asimismo, la artiller\u00eda del ej\u00e9rcito israel\u00ed bombarde\u00f3 viviendas en el barrio de Al-Daraj, en el centro de la ciudad de Gaza, las zonas orientales del barrio de Al-Zaytoun, al sureste de la ciudad, Khan Yunis, y los campamentos de Jabalia y Bureij en el sur de la Franja de Gaza, lo que provoc\u00f3 la muerte y heridas de decenas de palestinos.<\/p>\n<p style=\"text-align: justify;\">El n\u00famero de v\u00edctimas por la continua agresi\u00f3n israel\u00ed contra Gaza ascendi\u00f3 a 35.456 muertos y 79.476 heridos, seg\u00fan datos del Ministerio de Salud palestino.<\/p>\n<p style=\"text-align: justify;\">as\/fm<\/p>\n","protected":false},"excerpt":{"rendered":"<p>Jerusal\u00e9n ocupada, 20 may (SANA) Decenas de palestinos perdieron la vida o resultaron heridos en una nueva jornada de bombardeos israel\u00edes contra Gaza. El ej\u00e9rcito israel\u00ed atac\u00f3 una casa en los alrededores de la escuela Al-Qadisiyah en el barrio de Tal Al-Sultan, al oeste de la ciudad de Raf\u00e1, al sur de la Franja de &hellip;<\/p>\n","protected":false},"author":42,"featured_media":329697,"comment_status":"closed","ping_status":"closed","sticky":false,"template":"","format":"standard","meta":{"footnotes":""},"categories":[597,456,16687,20724],"tags":[],"class_list":["post-329696","post","type-post","status-publish","format-standard","has-post-thumbnail","","category-cinta-de-noticias","category-arabe-internacional-politica","category-internacionales","category-minuto-a-minuto"],"_links":{"self":[{"href":"https:\/\/archive.sana.sy\/es\/index.php?rest_route=\/wp\/v2\/posts\/329696"}],"collection":[{"href":"https:\/\/archive.sana.sy\/es\/index.php?rest_route=\/wp\/v2\/posts"}],"about":[{"href":"https:\/\/archive.sana.sy\/es\/index.php?rest_route=\/wp\/v2\/types\/post"}],"author":[{"embeddable":true,"href":"https:\/\/archive.sana.sy\/es\/index.php?rest_route=\/wp\/v2\/users\/42"}],"replies":[{"embeddable":true,"href":"https:\/\/archive.sana.sy\/es\/index.php?rest_route=%2Fwp%2Fv2%2Fcomments&post=329696"}],"version-history":[{"count":1,"href":"https:\/\/archive.sana.sy\/es\/index.php?rest_route=\/wp\/v2\/posts\/329696\/revisions"}],"predecessor-version":[{"id":329698,"href":"https:\/\/archive.sana.sy\/es\/index.php?rest_route=\/wp\/v2\/posts\/329696\/revisions\/329698"}],"wp:featuredmedia":[{"embeddable":true,"href":"https:\/\/archive.sana.sy\/es\/index.php?rest_route=\/wp\/v2\/media\/329697"}],"wp:attachment":[{"href":"https:\/\/archive.sana.sy\/es\/index.php?rest_route=%2Fwp%2Fv2%2Fmedia&parent=329696"}],"wp:term":[{"taxonomy":"category","embeddable":true,"href":"https:\/\/archive.sana.sy\/es\/index.php?rest_route=%2Fwp%2Fv2%2Fcategories&post=329696"},{"taxonomy":"post_tag","embeddable":true,"href":"https:\/\/archive.sana.sy\/es\/index.php?rest_route=%2Fwp%2Fv2%2Ftags&post=329696"}],"curies":[{"name":"wp","href":"https:\/\/api.w.org\/{rel}","templated":true}]}}