{"id":329701,"date":"2024-05-20T13:27:47","date_gmt":"2024-05-20T10:27:47","guid":{"rendered":"https:\/\/sana.sy\/es\/?p=329701"},"modified":"2024-05-20T18:06:06","modified_gmt":"2024-05-20T15:06:06","slug":"defensas-rusas-destruyen-siete-drones-ucranianos-sobre-las-provincias-de-belgorod-y-kursk","status":"publish","type":"post","link":"https:\/\/archive.sana.sy\/es\/?p=329701","title":{"rendered":"Defensas rusas destruyen siete drones ucranianos sobre las provincias de B\u00e9lgorod y Kursk"},"content":{"rendered":"<p style=\"text-align: justify;\"><span style=\"color: #800000;\"><strong>Mosc\u00fa, 20 may (SANA)\u00a0<\/strong><\/span> El Ministerio de Defensa ruso anunci\u00f3 que las fuerzas de defensa a\u00e9rea destruyeron siete drones ucranianos sobre las provincias de B\u00e9lgorod y Kursk.<\/p>\n<p style=\"text-align: justify;\">&#8220;Se frustr\u00f3 un intento por parte del r\u00e9gimen de Kiev de llevar a cabo una serie de ataques terroristas contra objetivos en territorio de la Federaci\u00f3n Rusa utilizando drones&#8221;, inform\u00f3 la agencia TASS citando al Ministerio de Defensa ruso.<\/p>\n<p style=\"text-align: justify;\">El ente castrense precis\u00f3 que las &#8220;unidades de defensa antia\u00e9reas interceptaron y destruyeron siete drones ucranianos: cinco sobre la regi\u00f3n de B\u00e9lgorod y dos sobre la de Kursk&#8221;.<\/p>\n<p style=\"text-align: justify;\">ed\/fm<\/p>\n","protected":false},"excerpt":{"rendered":"<p>Mosc\u00fa, 20 may (SANA)\u00a0 El Ministerio de Defensa ruso anunci\u00f3 que las fuerzas de defensa a\u00e9rea destruyeron siete drones ucranianos sobre las provincias de B\u00e9lgorod y Kursk. &#8220;Se frustr\u00f3 un intento por parte del r\u00e9gimen de Kiev de llevar a cabo una serie de ataques terroristas contra objetivos en territorio de la Federaci\u00f3n Rusa utilizando &hellip;<\/p>\n","protected":false},"author":32,"featured_media":329702,"comment_status":"closed","ping_status":"closed","sticky":false,"template":"","format":"standard","meta":{"footnotes":""},"categories":[597,456,20724],"tags":[],"class_list":["post-329701","post","type-post","status-publish","format-standard","has-post-thumbnail","","category-cinta-de-noticias","category-arabe-internacional-politica","category-minuto-a-minuto"],"_links":{"self":[{"href":"https:\/\/archive.sana.sy\/es\/index.php?rest_route=\/wp\/v2\/posts\/329701"}],"collection":[{"href":"https:\/\/archive.sana.sy\/es\/index.php?rest_route=\/wp\/v2\/posts"}],"about":[{"href":"https:\/\/archive.sana.sy\/es\/index.php?rest_route=\/wp\/v2\/types\/post"}],"author":[{"embeddable":true,"href":"https:\/\/archive.sana.sy\/es\/index.php?rest_route=\/wp\/v2\/users\/32"}],"replies":[{"embeddable":true,"href":"https:\/\/archive.sana.sy\/es\/index.php?rest_route=%2Fwp%2Fv2%2Fcomments&post=329701"}],"version-history":[{"count":1,"href":"https:\/\/archive.sana.sy\/es\/index.php?rest_route=\/wp\/v2\/posts\/329701\/revisions"}],"predecessor-version":[{"id":329703,"href":"https:\/\/archive.sana.sy\/es\/index.php?rest_route=\/wp\/v2\/posts\/329701\/revisions\/329703"}],"wp:featuredmedia":[{"embeddable":true,"href":"https:\/\/archive.sana.sy\/es\/index.php?rest_route=\/wp\/v2\/media\/329702"}],"wp:attachment":[{"href":"https:\/\/archive.sana.sy\/es\/index.php?rest_route=%2Fwp%2Fv2%2Fmedia&parent=329701"}],"wp:term":[{"taxonomy":"category","embeddable":true,"href":"https:\/\/archive.sana.sy\/es\/index.php?rest_route=%2Fwp%2Fv2%2Fcategories&post=329701"},{"taxonomy":"post_tag","embeddable":true,"href":"https:\/\/archive.sana.sy\/es\/index.php?rest_route=%2Fwp%2Fv2%2Ftags&post=329701"}],"curies":[{"name":"wp","href":"https:\/\/api.w.org\/{rel}","templated":true}]}}