{"id":329706,"date":"2024-05-20T15:32:00","date_gmt":"2024-05-20T12:32:00","guid":{"rendered":"https:\/\/sana.sy\/es\/?p=329706"},"modified":"2024-05-20T15:32:00","modified_gmt":"2024-05-20T12:32:00","slug":"%e2%9a%a1%ef%b8%8fla-cifra-total-de-victimas-de-la-actual-agresion-en-gaza-aumento-a-35-562-muertos-y-79-652-heridos-anuncia-el-ministerio-de-salud-palestino","status":"publish","type":"post","link":"https:\/\/archive.sana.sy\/es\/?p=329706","title":{"rendered":"\u26a1\ufe0fLa cifra total de v\u00edctimas de la actual agresi\u00f3n en Gaza aument\u00f3  a 35.562 muertos y 79.652 heridos, anuncia el Ministerio de Salud palestino."},"content":{"rendered":"","protected":false},"excerpt":{"rendered":"","protected":false},"author":32,"featured_media":0,"comment_status":"closed","ping_status":"closed","sticky":false,"template":"","format":"standard","meta":{"footnotes":""},"categories":[20724,596],"tags":[],"class_list":["post-329706","post","type-post","status-publish","format-standard","","category-minuto-a-minuto","category-urgente"],"_links":{"self":[{"href":"https:\/\/archive.sana.sy\/es\/index.php?rest_route=\/wp\/v2\/posts\/329706"}],"collection":[{"href":"https:\/\/archive.sana.sy\/es\/index.php?rest_route=\/wp\/v2\/posts"}],"about":[{"href":"https:\/\/archive.sana.sy\/es\/index.php?rest_route=\/wp\/v2\/types\/post"}],"author":[{"embeddable":true,"href":"https:\/\/archive.sana.sy\/es\/index.php?rest_route=\/wp\/v2\/users\/32"}],"replies":[{"embeddable":true,"href":"https:\/\/archive.sana.sy\/es\/index.php?rest_route=%2Fwp%2Fv2%2Fcomments&post=329706"}],"version-history":[{"count":1,"href":"https:\/\/archive.sana.sy\/es\/index.php?rest_route=\/wp\/v2\/posts\/329706\/revisions"}],"predecessor-version":[{"id":329707,"href":"https:\/\/archive.sana.sy\/es\/index.php?rest_route=\/wp\/v2\/posts\/329706\/revisions\/329707"}],"wp:attachment":[{"href":"https:\/\/archive.sana.sy\/es\/index.php?rest_route=%2Fwp%2Fv2%2Fmedia&parent=329706"}],"wp:term":[{"taxonomy":"category","embeddable":true,"href":"https:\/\/archive.sana.sy\/es\/index.php?rest_route=%2Fwp%2Fv2%2Fcategories&post=329706"},{"taxonomy":"post_tag","embeddable":true,"href":"https:\/\/archive.sana.sy\/es\/index.php?rest_route=%2Fwp%2Fv2%2Ftags&post=329706"}],"curies":[{"name":"wp","href":"https:\/\/api.w.org\/{rel}","templated":true}]}}