{"id":329708,"date":"2024-05-20T15:38:33","date_gmt":"2024-05-20T12:38:33","guid":{"rendered":"https:\/\/sana.sy\/es\/?p=329708"},"modified":"2024-05-20T15:38:33","modified_gmt":"2024-05-20T12:38:33","slug":"xi-jinping-el-pueblo-chino-ha-perdido-a-un-gran-amigo-en-iran","status":"publish","type":"post","link":"https:\/\/archive.sana.sy\/es\/?p=329708","title":{"rendered":"Xi Jinping: El pueblo chino ha perdido a un gran amigo en Ir\u00e1n"},"content":{"rendered":"<p style=\"text-align: justify;\"><strong><span style=\"color: #800000;\">Beijing, 20 may (SANA)<\/span>\u00a0<\/strong> El presidente chino, Xi Jinping, expres\u00f3 sus condolencias por la muerte del mandatario de Ir\u00e1n, Ebrahim Raisi y sus acompa\u00f1antes.<\/p>\n<p style=\"text-align: justify;\">&#8220;El presidente Xi expres\u00f3 su m\u00e1s sentido p\u00e9same por la muerte del presidente iran\u00ed y consider\u00f3 que el pueblo chino ha perdido a un gran amigo&#8221;, divulg\u00f3 la agencia de noticias Xinhua citando al portavoz del Ministerio de Asuntos Exteriores chino, Wang Wenbin .<\/p>\n<p style=\"text-align: justify;\">El presidente Raisi y el ministro Amir-Abdollahian murieron cuando su helic\u00f3ptero se estrell\u00f3 la v\u00edspera en el noroeste de su pa\u00eds mientras los dirigentes se dirig\u00edan de regreso a Teher\u00e1n.<\/p>\n<p style=\"text-align: justify;\">ed\/fm<\/p>\n","protected":false},"excerpt":{"rendered":"<p>Beijing, 20 may (SANA)\u00a0 El presidente chino, Xi Jinping, expres\u00f3 sus condolencias por la muerte del mandatario de Ir\u00e1n, Ebrahim Raisi y sus acompa\u00f1antes. &#8220;El presidente Xi expres\u00f3 su m\u00e1s sentido p\u00e9same por la muerte del presidente iran\u00ed y consider\u00f3 que el pueblo chino ha perdido a un gran amigo&#8221;, divulg\u00f3 la agencia de noticias &hellip;<\/p>\n","protected":false},"author":32,"featured_media":329709,"comment_status":"closed","ping_status":"closed","sticky":false,"template":"","format":"standard","meta":{"footnotes":""},"categories":[597,456,20724,7541],"tags":[],"class_list":["post-329708","post","type-post","status-publish","format-standard","has-post-thumbnail","","category-cinta-de-noticias","category-arabe-internacional-politica","category-minuto-a-minuto","category-ultimas-noticias"],"_links":{"self":[{"href":"https:\/\/archive.sana.sy\/es\/index.php?rest_route=\/wp\/v2\/posts\/329708"}],"collection":[{"href":"https:\/\/archive.sana.sy\/es\/index.php?rest_route=\/wp\/v2\/posts"}],"about":[{"href":"https:\/\/archive.sana.sy\/es\/index.php?rest_route=\/wp\/v2\/types\/post"}],"author":[{"embeddable":true,"href":"https:\/\/archive.sana.sy\/es\/index.php?rest_route=\/wp\/v2\/users\/32"}],"replies":[{"embeddable":true,"href":"https:\/\/archive.sana.sy\/es\/index.php?rest_route=%2Fwp%2Fv2%2Fcomments&post=329708"}],"version-history":[{"count":1,"href":"https:\/\/archive.sana.sy\/es\/index.php?rest_route=\/wp\/v2\/posts\/329708\/revisions"}],"predecessor-version":[{"id":329710,"href":"https:\/\/archive.sana.sy\/es\/index.php?rest_route=\/wp\/v2\/posts\/329708\/revisions\/329710"}],"wp:featuredmedia":[{"embeddable":true,"href":"https:\/\/archive.sana.sy\/es\/index.php?rest_route=\/wp\/v2\/media\/329709"}],"wp:attachment":[{"href":"https:\/\/archive.sana.sy\/es\/index.php?rest_route=%2Fwp%2Fv2%2Fmedia&parent=329708"}],"wp:term":[{"taxonomy":"category","embeddable":true,"href":"https:\/\/archive.sana.sy\/es\/index.php?rest_route=%2Fwp%2Fv2%2Fcategories&post=329708"},{"taxonomy":"post_tag","embeddable":true,"href":"https:\/\/archive.sana.sy\/es\/index.php?rest_route=%2Fwp%2Fv2%2Ftags&post=329708"}],"curies":[{"name":"wp","href":"https:\/\/api.w.org\/{rel}","templated":true}]}}