{"id":329711,"date":"2024-05-20T15:43:47","date_gmt":"2024-05-20T12:43:47","guid":{"rendered":"https:\/\/sana.sy\/es\/?p=329711"},"modified":"2024-05-20T15:43:47","modified_gmt":"2024-05-20T12:43:47","slug":"arabia-saudita-ofrece-sus-condolencias-iran-por-muerte-del-presidente-raisi","status":"publish","type":"post","link":"https:\/\/archive.sana.sy\/es\/?p=329711","title":{"rendered":"Arabia Saudita ofrece sus condolencias Ir\u00e1n por muerte del presidente Raisi"},"content":{"rendered":"<p style=\"text-align: justify;\"><span style=\"color: #993300;\"><strong>Riad, 20 may (SANA)\u00a0<\/strong> <\/span>El rey de Arabia Saudita, Salman bin Abdulaziz Al Saud, envi\u00f3 un mensaje de p\u00e9same y solidaridad al vicepresidente iran\u00ed Mohammad Mokhber por la muerte del presidente Ibrahim Raisi y sus acompa\u00f1antes.<\/p>\n<p style=\"text-align: justify;\">\u201cHemos conocido la noticia de la muerte del Ibrahim Raisi, presidente de la Rep\u00fablica Isl\u00e1mica de Ir\u00e1n, y sus compa\u00f1eros y le enviamos a usted y al pueblo iran\u00ed, nuestro m\u00e1s sentido p\u00e9same\u201d, divulg\u00f3 la agencia de Noticias Saudita (SPA) citando al Rey Salman.<\/p>\n<p style=\"text-align: justify;\">ed\/fm<\/p>\n","protected":false},"excerpt":{"rendered":"<p>Riad, 20 may (SANA)\u00a0 El rey de Arabia Saudita, Salman bin Abdulaziz Al Saud, envi\u00f3 un mensaje de p\u00e9same y solidaridad al vicepresidente iran\u00ed Mohammad Mokhber por la muerte del presidente Ibrahim Raisi y sus acompa\u00f1antes. \u201cHemos conocido la noticia de la muerte del Ibrahim Raisi, presidente de la Rep\u00fablica Isl\u00e1mica de Ir\u00e1n, y sus &hellip;<\/p>\n","protected":false},"author":32,"featured_media":329712,"comment_status":"closed","ping_status":"closed","sticky":false,"template":"","format":"standard","meta":{"footnotes":""},"categories":[597,456,20724],"tags":[],"class_list":["post-329711","post","type-post","status-publish","format-standard","has-post-thumbnail","","category-cinta-de-noticias","category-arabe-internacional-politica","category-minuto-a-minuto"],"_links":{"self":[{"href":"https:\/\/archive.sana.sy\/es\/index.php?rest_route=\/wp\/v2\/posts\/329711"}],"collection":[{"href":"https:\/\/archive.sana.sy\/es\/index.php?rest_route=\/wp\/v2\/posts"}],"about":[{"href":"https:\/\/archive.sana.sy\/es\/index.php?rest_route=\/wp\/v2\/types\/post"}],"author":[{"embeddable":true,"href":"https:\/\/archive.sana.sy\/es\/index.php?rest_route=\/wp\/v2\/users\/32"}],"replies":[{"embeddable":true,"href":"https:\/\/archive.sana.sy\/es\/index.php?rest_route=%2Fwp%2Fv2%2Fcomments&post=329711"}],"version-history":[{"count":1,"href":"https:\/\/archive.sana.sy\/es\/index.php?rest_route=\/wp\/v2\/posts\/329711\/revisions"}],"predecessor-version":[{"id":329713,"href":"https:\/\/archive.sana.sy\/es\/index.php?rest_route=\/wp\/v2\/posts\/329711\/revisions\/329713"}],"wp:featuredmedia":[{"embeddable":true,"href":"https:\/\/archive.sana.sy\/es\/index.php?rest_route=\/wp\/v2\/media\/329712"}],"wp:attachment":[{"href":"https:\/\/archive.sana.sy\/es\/index.php?rest_route=%2Fwp%2Fv2%2Fmedia&parent=329711"}],"wp:term":[{"taxonomy":"category","embeddable":true,"href":"https:\/\/archive.sana.sy\/es\/index.php?rest_route=%2Fwp%2Fv2%2Fcategories&post=329711"},{"taxonomy":"post_tag","embeddable":true,"href":"https:\/\/archive.sana.sy\/es\/index.php?rest_route=%2Fwp%2Fv2%2Ftags&post=329711"}],"curies":[{"name":"wp","href":"https:\/\/api.w.org\/{rel}","templated":true}]}}