{"id":329729,"date":"2024-05-20T13:27:26","date_gmt":"2024-05-20T10:27:26","guid":{"rendered":"https:\/\/sana.sy\/es\/?p=329729"},"modified":"2024-05-20T18:06:20","modified_gmt":"2024-05-20T15:06:20","slug":"fuerzas-rusas-liberan-otra-localidad-y-neutralizan-a-1300-militares-de-kiev","status":"publish","type":"post","link":"https:\/\/archive.sana.sy\/es\/?p=329729","title":{"rendered":"Fuerzas rusas liberan otra localidad y neutralizan a 1300 militares de Kiev"},"content":{"rendered":"<p style=\"text-align: justify;\"><span style=\"color: #800000;\"><strong>Mosc\u00fa, 20 may (SANA)\u00a0<\/strong><\/span> \u00a0El Ministerio de Defensa de Rusia anunci\u00f3 hoy que los militares rusos liberaron la localidad de Belog\u00f3rovka, en la Rep\u00fablica Popular de Lugansk.<\/p>\n<p style=\"text-align: justify;\">En su informe diario sobre la operaci\u00f3n militar especial, el ente castrense indic\u00f3 que en la zona de operaciones del grupo Norte en la regi\u00f3n de J\u00e1rkov, las bajas del Ej\u00e9rcito ucraniano ascendieron a 380 militares, 8 autom\u00f3viles, 3 unidades de artiller\u00eda autopropulsada Gvozdika, as\u00ed como una estaci\u00f3n de lucha radioelectr\u00f3nica Bukovel.<\/p>\n<p style=\"text-align: justify;\">Como resultado de acciones de los grupos Oeste y Sur, Kiev perdi\u00f3 hasta 400 efectivos, 4 tanques, un blindado de transporte de tropas, 3 autom\u00f3viles, un ob\u00fas D-20 y un sistema de artiller\u00eda autopropulsada Gvozdika.<\/p>\n<p style=\"text-align: justify;\">Mientras en las \u00e1reas de operaciones de los grupos Centro y Este, Kiev perdi\u00f3 a m\u00e1s de 450 militares, un tanque, 5 veh\u00edculos de combate de infanter\u00eda, as\u00ed como 2 autom\u00f3viles.<\/p>\n<p style=\"text-align: justify;\">Asimismo, los sistemas rusos de defensa antia\u00e9rea derribaron 45 drones.<\/p>\n<p style=\"text-align: justify;\">fm\/rr<\/p>\n","protected":false},"excerpt":{"rendered":"<p>Mosc\u00fa, 20 may (SANA)\u00a0 \u00a0El Ministerio de Defensa de Rusia anunci\u00f3 hoy que los militares rusos liberaron la localidad de Belog\u00f3rovka, en la Rep\u00fablica Popular de Lugansk. En su informe diario sobre la operaci\u00f3n militar especial, el ente castrense indic\u00f3 que en la zona de operaciones del grupo Norte en la regi\u00f3n de J\u00e1rkov, las &hellip;<\/p>\n","protected":false},"author":31,"featured_media":329730,"comment_status":"closed","ping_status":"closed","sticky":false,"template":"","format":"standard","meta":{"footnotes":""},"categories":[597,456,16687,7541],"tags":[20999,6695,20357],"class_list":["post-329729","post","type-post","status-publish","format-standard","has-post-thumbnail","","category-cinta-de-noticias","category-arabe-internacional-politica","category-internacionales","category-ultimas-noticias","tag-operacion-militar","tag-rusia","tag-ucrania"],"_links":{"self":[{"href":"https:\/\/archive.sana.sy\/es\/index.php?rest_route=\/wp\/v2\/posts\/329729"}],"collection":[{"href":"https:\/\/archive.sana.sy\/es\/index.php?rest_route=\/wp\/v2\/posts"}],"about":[{"href":"https:\/\/archive.sana.sy\/es\/index.php?rest_route=\/wp\/v2\/types\/post"}],"author":[{"embeddable":true,"href":"https:\/\/archive.sana.sy\/es\/index.php?rest_route=\/wp\/v2\/users\/31"}],"replies":[{"embeddable":true,"href":"https:\/\/archive.sana.sy\/es\/index.php?rest_route=%2Fwp%2Fv2%2Fcomments&post=329729"}],"version-history":[{"count":1,"href":"https:\/\/archive.sana.sy\/es\/index.php?rest_route=\/wp\/v2\/posts\/329729\/revisions"}],"predecessor-version":[{"id":329731,"href":"https:\/\/archive.sana.sy\/es\/index.php?rest_route=\/wp\/v2\/posts\/329729\/revisions\/329731"}],"wp:featuredmedia":[{"embeddable":true,"href":"https:\/\/archive.sana.sy\/es\/index.php?rest_route=\/wp\/v2\/media\/329730"}],"wp:attachment":[{"href":"https:\/\/archive.sana.sy\/es\/index.php?rest_route=%2Fwp%2Fv2%2Fmedia&parent=329729"}],"wp:term":[{"taxonomy":"category","embeddable":true,"href":"https:\/\/archive.sana.sy\/es\/index.php?rest_route=%2Fwp%2Fv2%2Fcategories&post=329729"},{"taxonomy":"post_tag","embeddable":true,"href":"https:\/\/archive.sana.sy\/es\/index.php?rest_route=%2Fwp%2Fv2%2Ftags&post=329729"}],"curies":[{"name":"wp","href":"https:\/\/api.w.org\/{rel}","templated":true}]}}