{"id":329745,"date":"2024-05-20T20:22:53","date_gmt":"2024-05-20T17:22:53","guid":{"rendered":"https:\/\/sana.sy\/es\/?p=329745"},"modified":"2024-05-20T20:24:47","modified_gmt":"2024-05-20T17:24:47","slug":"parlamento-sirio-expresa-condolencias-al-consejo-de-la-shura-irani-por-el-fallecimiento-de-raisi","status":"publish","type":"post","link":"https:\/\/archive.sana.sy\/es\/?p=329745","title":{"rendered":"Parlamento sirio expresa condolencias al Consejo de la Shura iran\u00ed por el fallecimiento de Raisi"},"content":{"rendered":"<p style=\"text-align: justify;\"><span style=\"color: #800000;\"><strong>Damasco, 20 may (SANA)\u00a0\u00a0<\/strong><\/span> El presidente de la Asamblea del Pueblo, Hammouda Sabbagh, envi\u00f3 un mensaje de condolencia, en su nombre y en nombre de los diputados, al presidente del Consejo Isl\u00e1mico de la Shura iran\u00ed, Mohammad Baqer Qalibaf, por el fallecimiento del Presidente de la Rep\u00fablica Isl\u00e1mica de Ir\u00e1n, Ebrahim Raisi, y la delegaci\u00f3n que lo acompa\u00f1aba en el accidente a\u00e9reo que tuvo lugar ayer.<\/p>\n<p style=\"text-align: justify;\">Sabbagh expres\u00f3 su profunda tristeza y su total solidaridad al Presidente del Consejo Shura, a los miembros del Consejo, al hermano pueblo iran\u00ed y a las familias de los fallecidos.<\/p>\n<p style=\"text-align: justify;\">rr<\/p>\n","protected":false},"excerpt":{"rendered":"<p>Damasco, 20 may (SANA)\u00a0\u00a0 El presidente de la Asamblea del Pueblo, Hammouda Sabbagh, envi\u00f3 un mensaje de condolencia, en su nombre y en nombre de los diputados, al presidente del Consejo Isl\u00e1mico de la Shura iran\u00ed, Mohammad Baqer Qalibaf, por el fallecimiento del Presidente de la Rep\u00fablica Isl\u00e1mica de Ir\u00e1n, Ebrahim Raisi, y la delegaci\u00f3n &hellip;<\/p>\n","protected":false},"author":31,"featured_media":329746,"comment_status":"closed","ping_status":"closed","sticky":false,"template":"","format":"standard","meta":{"footnotes":""},"categories":[597,476,467,7541],"tags":[2866,8878,6553],"class_list":["post-329745","post","type-post","status-publish","format-standard","has-post-thumbnail","","category-cinta-de-noticias","category-locales","category-siria-y-el-mundo","category-ultimas-noticias","tag-iran","tag-parlamento","tag-siria"],"_links":{"self":[{"href":"https:\/\/archive.sana.sy\/es\/index.php?rest_route=\/wp\/v2\/posts\/329745"}],"collection":[{"href":"https:\/\/archive.sana.sy\/es\/index.php?rest_route=\/wp\/v2\/posts"}],"about":[{"href":"https:\/\/archive.sana.sy\/es\/index.php?rest_route=\/wp\/v2\/types\/post"}],"author":[{"embeddable":true,"href":"https:\/\/archive.sana.sy\/es\/index.php?rest_route=\/wp\/v2\/users\/31"}],"replies":[{"embeddable":true,"href":"https:\/\/archive.sana.sy\/es\/index.php?rest_route=%2Fwp%2Fv2%2Fcomments&post=329745"}],"version-history":[{"count":3,"href":"https:\/\/archive.sana.sy\/es\/index.php?rest_route=\/wp\/v2\/posts\/329745\/revisions"}],"predecessor-version":[{"id":329749,"href":"https:\/\/archive.sana.sy\/es\/index.php?rest_route=\/wp\/v2\/posts\/329745\/revisions\/329749"}],"wp:featuredmedia":[{"embeddable":true,"href":"https:\/\/archive.sana.sy\/es\/index.php?rest_route=\/wp\/v2\/media\/329746"}],"wp:attachment":[{"href":"https:\/\/archive.sana.sy\/es\/index.php?rest_route=%2Fwp%2Fv2%2Fmedia&parent=329745"}],"wp:term":[{"taxonomy":"category","embeddable":true,"href":"https:\/\/archive.sana.sy\/es\/index.php?rest_route=%2Fwp%2Fv2%2Fcategories&post=329745"},{"taxonomy":"post_tag","embeddable":true,"href":"https:\/\/archive.sana.sy\/es\/index.php?rest_route=%2Fwp%2Fv2%2Ftags&post=329745"}],"curies":[{"name":"wp","href":"https:\/\/api.w.org\/{rel}","templated":true}]}}