{"id":329750,"date":"2024-05-21T05:54:25","date_gmt":"2024-05-21T02:54:25","guid":{"rendered":"https:\/\/sana.sy\/es\/?p=329750"},"modified":"2024-05-21T05:54:25","modified_gmt":"2024-05-21T02:54:25","slug":"canciller-sirio-iran-es-capaz-de-superar-esta-terrible-experiencia-y-mantener-su-rol-regional-e-internacional","status":"publish","type":"post","link":"https:\/\/archive.sana.sy\/es\/?p=329750","title":{"rendered":"Canciller sirio: Ir\u00e1n es capaz de superar esta terrible experiencia y mantener su rol regional e internacional"},"content":{"rendered":"<p style=\"text-align: justify;\"><span style=\"color: #800000;\"><strong>Damasco, 21 may (SANA)<\/strong> <\/span>El ministro de Asuntos Exteriores y Expatriados, Faisal Al-Mekdad, envi\u00f3 hoy un mensaje de condolencia a Ali Bagheri Kani, el ministro interino de Asuntos Exteriores iran\u00ed, en el que expres\u00f3 tristeza y pesar por la noticia del fallecimiento del presidente Ebrahim Raisi, el canciller Hossein Amir Abdollahian y sus acompa\u00f1antes, en el accidente del helic\u00f3ptero en el que viajaban.<\/p>\n<p style=\"text-align: justify;\">Recib\u00ed con gran tristeza y pesar la noticia y le expreso a usted y a los dirigentes, el gobierno y el pueblo de la amiga Rep\u00fablica Isl\u00e1mica de Ir\u00e1n, y a las familias de los m\u00e1rtires, mi m\u00e1s sentido p\u00e9same por esta gran p\u00e9rdida, dijo Al-Mekdad en su mensaje.<\/p>\n<p style=\"text-align: justify;\">Se\u00f1al\u00f3 que las naciones isl\u00e1micas han perdido a dos l\u00edderes prominentes que dedicaron sus vidas a servir a su pa\u00eds y a su naci\u00f3n, trabajaron duro y sinceramente para lograr estabilidad y bienestar al pueblo de Ir\u00e1n y contribuyeron con sus esfuerzos sinceros a fortalecer la cooperaci\u00f3n y la solidaridad entre nuestros pa\u00edses y pueblos.<\/p>\n<p style=\"text-align: justify;\">El fallecimiento de mi querido hermano y amigo Abdollahian representa una gran p\u00e9rdida para m\u00ed personalmente, dada la estrecha relaci\u00f3n que nos uni\u00f3 durante muchos a\u00f1os a nivel personal y profesional, y es una p\u00e9rdida para todos los que lo conocieron, y tambi\u00e9n para su pa\u00eds, ya que era una figura influyente dentro de Ir\u00e1n y un actor importante en su pol\u00edtica exterior, precis\u00f3 el Canciller sirio.<\/p>\n<p style=\"text-align: justify;\">El Ministro sirio agreg\u00f3 que Abdollahian dej\u00f3 una huella clara en el \u00e1mbito internacional gracias a sus incansables esfuerzos y su gran contribuciones a la diplomacia y el trabajo pol\u00edtico.<\/p>\n<p style=\"text-align: justify;\">Tenemos la confianza en la capacidad de Ir\u00e1n de superar esta terrible experiencia y continuar su papel fundamental a nivel regional e internacional para mejorar la seguridad y la estabilidad y apoyar las causas justas de los pueblos, concluy\u00f3 el Ministro su misiva.<\/p>\n<p style=\"text-align: justify;\">fm<\/p>\n","protected":false},"excerpt":{"rendered":"<p>Damasco, 21 may (SANA) El ministro de Asuntos Exteriores y Expatriados, Faisal Al-Mekdad, envi\u00f3 hoy un mensaje de condolencia a Ali Bagheri Kani, el ministro interino de Asuntos Exteriores iran\u00ed, en el que expres\u00f3 tristeza y pesar por la noticia del fallecimiento del presidente Ebrahim Raisi, el canciller Hossein Amir Abdollahian y sus acompa\u00f1antes, en &hellip;<\/p>\n","protected":false},"author":34,"featured_media":329751,"comment_status":"closed","ping_status":"closed","sticky":false,"template":"","format":"standard","meta":{"footnotes":""},"categories":[447,477,597,456,20724,467,583],"tags":[],"class_list":["post-329750","post","type-post","status-publish","format-standard","has-post-thumbnail","","category-local-politica","category-noticias-edulcorantes","category-cinta-de-noticias","category-arabe-internacional-politica","category-minuto-a-minuto","category-siria-y-el-mundo","category-slide"],"_links":{"self":[{"href":"https:\/\/archive.sana.sy\/es\/index.php?rest_route=\/wp\/v2\/posts\/329750"}],"collection":[{"href":"https:\/\/archive.sana.sy\/es\/index.php?rest_route=\/wp\/v2\/posts"}],"about":[{"href":"https:\/\/archive.sana.sy\/es\/index.php?rest_route=\/wp\/v2\/types\/post"}],"author":[{"embeddable":true,"href":"https:\/\/archive.sana.sy\/es\/index.php?rest_route=\/wp\/v2\/users\/34"}],"replies":[{"embeddable":true,"href":"https:\/\/archive.sana.sy\/es\/index.php?rest_route=%2Fwp%2Fv2%2Fcomments&post=329750"}],"version-history":[{"count":1,"href":"https:\/\/archive.sana.sy\/es\/index.php?rest_route=\/wp\/v2\/posts\/329750\/revisions"}],"predecessor-version":[{"id":329752,"href":"https:\/\/archive.sana.sy\/es\/index.php?rest_route=\/wp\/v2\/posts\/329750\/revisions\/329752"}],"wp:featuredmedia":[{"embeddable":true,"href":"https:\/\/archive.sana.sy\/es\/index.php?rest_route=\/wp\/v2\/media\/329751"}],"wp:attachment":[{"href":"https:\/\/archive.sana.sy\/es\/index.php?rest_route=%2Fwp%2Fv2%2Fmedia&parent=329750"}],"wp:term":[{"taxonomy":"category","embeddable":true,"href":"https:\/\/archive.sana.sy\/es\/index.php?rest_route=%2Fwp%2Fv2%2Fcategories&post=329750"},{"taxonomy":"post_tag","embeddable":true,"href":"https:\/\/archive.sana.sy\/es\/index.php?rest_route=%2Fwp%2Fv2%2Ftags&post=329750"}],"curies":[{"name":"wp","href":"https:\/\/api.w.org\/{rel}","templated":true}]}}