{"id":329753,"date":"2024-05-21T06:09:39","date_gmt":"2024-05-21T03:09:39","guid":{"rendered":"https:\/\/sana.sy\/es\/?p=329753"},"modified":"2024-05-21T06:09:39","modified_gmt":"2024-05-21T03:09:39","slug":"iran-fija-el-28-de-junio-como-fecha-para-las-elecciones-presidenciales","status":"publish","type":"post","link":"https:\/\/archive.sana.sy\/es\/?p=329753","title":{"rendered":"Ir\u00e1n fija el 28 de junio como fecha para las elecciones presidenciales"},"content":{"rendered":"<p style=\"text-align: justify;\"><span style=\"color: #800000;\"><strong>Teher\u00e1n, 21 may (SANA)\u00a0<\/strong> <\/span>Ir\u00e1n anunci\u00f3 hoy que el 28 de junio se celebrar\u00e1n las elecciones presidenciales para elegir un presidente que suceda a Ebrahim Raisi, quien muri\u00f3 al estrellarse su helic\u00f3ptero, junto con sus compa\u00f1eros.<\/p>\n<p style=\"text-align: justify;\">La agencia de noticias iran\u00ed \u201cIRNA\u201d inform\u00f3 que hoy se celebr\u00f3 una reuni\u00f3n entre los jefes de las tres autoridades, presidida por el primer vicepresidente de la Rep\u00fablica, Mohammad Mokhber, y en presencia de Hojjat al-Islam Gholam Hossein Mohseni Ejei, jefe del poder judicial, y Mohammad Bagher Qalibaf, jefe del Consejo Isl\u00e1mico de la Shura.<\/p>\n<p style=\"text-align: justify;\">En la reuni\u00f3n, se intercambiaron opiniones sobre la aplicaci\u00f3n del art\u00edculo 131 de la Constituci\u00f3n sobre la celebraci\u00f3n de las elecciones presidenciales en un plazo de 50 d\u00edas.<\/p>\n<p style=\"text-align: justify;\">En consecuencia, se estudi\u00f3 el calendario del proceso electoral, incluida la fecha de formaci\u00f3n de los consejos ejecutivos, el registro de candidatos, las campa\u00f1as electorales y el proceso de celebraci\u00f3n de elecciones, y se decidi\u00f3 que, sobre la base del acuerdo inicial del Consejo de Guardianes, se celebrar\u00e1n elecciones para determinar el nuevo presidente el 28 de junio.<\/p>\n<p style=\"text-align: justify;\">Seg\u00fan el calendario electoral aprobado, los candidatos ser\u00e1n inscritos durante el per\u00edodo del 30 de mayo al 3 de junio, y el per\u00edodo de campa\u00f1a electoral ser\u00e1 desde el d\u00eda 12 hasta la ma\u00f1ana del d\u00eda 27.<\/p>\n<p style=\"text-align: justify;\">fm<\/p>\n","protected":false},"excerpt":{"rendered":"<p>Teher\u00e1n, 21 may (SANA)\u00a0 Ir\u00e1n anunci\u00f3 hoy que el 28 de junio se celebrar\u00e1n las elecciones presidenciales para elegir un presidente que suceda a Ebrahim Raisi, quien muri\u00f3 al estrellarse su helic\u00f3ptero, junto con sus compa\u00f1eros. La agencia de noticias iran\u00ed \u201cIRNA\u201d inform\u00f3 que hoy se celebr\u00f3 una reuni\u00f3n entre los jefes de las tres &hellip;<\/p>\n","protected":false},"author":34,"featured_media":329754,"comment_status":"closed","ping_status":"closed","sticky":false,"template":"","format":"standard","meta":{"footnotes":""},"categories":[597,456,20724,7541],"tags":[],"class_list":["post-329753","post","type-post","status-publish","format-standard","has-post-thumbnail","","category-cinta-de-noticias","category-arabe-internacional-politica","category-minuto-a-minuto","category-ultimas-noticias"],"_links":{"self":[{"href":"https:\/\/archive.sana.sy\/es\/index.php?rest_route=\/wp\/v2\/posts\/329753"}],"collection":[{"href":"https:\/\/archive.sana.sy\/es\/index.php?rest_route=\/wp\/v2\/posts"}],"about":[{"href":"https:\/\/archive.sana.sy\/es\/index.php?rest_route=\/wp\/v2\/types\/post"}],"author":[{"embeddable":true,"href":"https:\/\/archive.sana.sy\/es\/index.php?rest_route=\/wp\/v2\/users\/34"}],"replies":[{"embeddable":true,"href":"https:\/\/archive.sana.sy\/es\/index.php?rest_route=%2Fwp%2Fv2%2Fcomments&post=329753"}],"version-history":[{"count":1,"href":"https:\/\/archive.sana.sy\/es\/index.php?rest_route=\/wp\/v2\/posts\/329753\/revisions"}],"predecessor-version":[{"id":329755,"href":"https:\/\/archive.sana.sy\/es\/index.php?rest_route=\/wp\/v2\/posts\/329753\/revisions\/329755"}],"wp:featuredmedia":[{"embeddable":true,"href":"https:\/\/archive.sana.sy\/es\/index.php?rest_route=\/wp\/v2\/media\/329754"}],"wp:attachment":[{"href":"https:\/\/archive.sana.sy\/es\/index.php?rest_route=%2Fwp%2Fv2%2Fmedia&parent=329753"}],"wp:term":[{"taxonomy":"category","embeddable":true,"href":"https:\/\/archive.sana.sy\/es\/index.php?rest_route=%2Fwp%2Fv2%2Fcategories&post=329753"},{"taxonomy":"post_tag","embeddable":true,"href":"https:\/\/archive.sana.sy\/es\/index.php?rest_route=%2Fwp%2Fv2%2Ftags&post=329753"}],"curies":[{"name":"wp","href":"https:\/\/api.w.org\/{rel}","templated":true}]}}