{"id":329768,"date":"2024-05-21T12:34:00","date_gmt":"2024-05-21T09:34:00","guid":{"rendered":"https:\/\/sana.sy\/es\/?p=329768"},"modified":"2024-05-21T12:34:00","modified_gmt":"2024-05-21T09:34:00","slug":"inician-ceremonias-funebres-del-presidente-y-canciller-de-iran","status":"publish","type":"post","link":"https:\/\/archive.sana.sy\/es\/?p=329768","title":{"rendered":"Inician ceremonias f\u00fanebres del presidente y canciller de Ir\u00e1n"},"content":{"rendered":"<p style=\"text-align: justify;\"><span style=\"color: #800000;\"><strong>Teher\u00e1n, 21 may (SANA) <\/strong><\/span>Las ceremonias del funeral del presidente iran\u00ed, Ebrahim Raisi, y del ministro de Asuntos Exteriores, Hossein Amir Abdollahian, y sus acompa\u00f1antes, comenzaron hoy en la ciudad de Tabriz, al noroeste de Ir\u00e1n.<\/p>\n<p style=\"text-align: justify;\">El cortejo f\u00fanebre se dirigir\u00e1 a la ciudad de Qum y luego a Teher\u00e1n, donde se efectuar\u00e1 el mi\u00e9rcoles una ceremonia oficial, y ser\u00e1 enterrado el jueves en la ciudad de Mashhad.<\/p>\n<p style=\"text-align: justify;\">El presidente Raisi y el ministro Amir Abdullahian y sus acompa\u00f1antes murieron en el accidente de su helic\u00f3ptero en el noroeste de su pa\u00eds.<\/p>\n<p style=\"text-align: justify;\">AS\/FM<\/p>\n<div id='gallery-1' class='gallery galleryid-329768 gallery-columns-1 gallery-size-full'><figure class='gallery-item'>\n\t\t\t<div class='gallery-icon landscape'>\n\t\t\t\t<a href='https:\/\/archive.sana.sy\/es\/wp-content\/uploads\/2024\/05\/photo_2024-05-21_09-35-58.jpg'><img loading=\"lazy\" decoding=\"async\" width=\"800\" height=\"557\" src=\"https:\/\/archive.sana.sy\/es\/wp-content\/uploads\/2024\/05\/photo_2024-05-21_09-35-58.jpg\" class=\"attachment-full size-full\" alt=\"\" srcset=\"https:\/\/archive.sana.sy\/es\/wp-content\/uploads\/2024\/05\/photo_2024-05-21_09-35-58.jpg 800w, https:\/\/archive.sana.sy\/es\/wp-content\/uploads\/2024\/05\/photo_2024-05-21_09-35-58-300x209.jpg 300w, https:\/\/archive.sana.sy\/es\/wp-content\/uploads\/2024\/05\/photo_2024-05-21_09-35-58-150x104.jpg 150w, https:\/\/archive.sana.sy\/es\/wp-content\/uploads\/2024\/05\/photo_2024-05-21_09-35-58-768x535.jpg 768w\" sizes=\"(max-width: 800px) 100vw, 800px\" \/><\/a>\n\t\t\t<\/div><\/figure><figure class='gallery-item'>\n\t\t\t<div class='gallery-icon landscape'>\n\t\t\t\t<a href='https:\/\/archive.sana.sy\/es\/wp-content\/uploads\/2024\/05\/photo_2024-05-21_09-38-10.jpg'><img loading=\"lazy\" decoding=\"async\" width=\"794\" height=\"528\" src=\"https:\/\/archive.sana.sy\/es\/wp-content\/uploads\/2024\/05\/photo_2024-05-21_09-38-10.jpg\" class=\"attachment-full size-full\" alt=\"\" srcset=\"https:\/\/archive.sana.sy\/es\/wp-content\/uploads\/2024\/05\/photo_2024-05-21_09-38-10.jpg 794w, https:\/\/archive.sana.sy\/es\/wp-content\/uploads\/2024\/05\/photo_2024-05-21_09-38-10-300x199.jpg 300w, https:\/\/archive.sana.sy\/es\/wp-content\/uploads\/2024\/05\/photo_2024-05-21_09-38-10-150x100.jpg 150w, https:\/\/archive.sana.sy\/es\/wp-content\/uploads\/2024\/05\/photo_2024-05-21_09-38-10-768x511.jpg 768w, https:\/\/archive.sana.sy\/es\/wp-content\/uploads\/2024\/05\/photo_2024-05-21_09-38-10-310x205.jpg 310w\" sizes=\"(max-width: 794px) 100vw, 794px\" \/><\/a>\n\t\t\t<\/div><\/figure>\n\t\t<\/div>\n\n","protected":false},"excerpt":{"rendered":"<p>Teher\u00e1n, 21 may (SANA) Las ceremonias del funeral del presidente iran\u00ed, Ebrahim Raisi, y del ministro de Asuntos Exteriores, Hossein Amir Abdollahian, y sus acompa\u00f1antes, comenzaron hoy en la ciudad de Tabriz, al noroeste de Ir\u00e1n. El cortejo f\u00fanebre se dirigir\u00e1 a la ciudad de Qum y luego a Teher\u00e1n, donde se efectuar\u00e1 el mi\u00e9rcoles &hellip;<\/p>\n","protected":false},"author":42,"featured_media":329769,"comment_status":"closed","ping_status":"closed","sticky":false,"template":"","format":"standard","meta":{"footnotes":""},"categories":[597,456,16687,20724,7541],"tags":[],"class_list":["post-329768","post","type-post","status-publish","format-standard","has-post-thumbnail","","category-cinta-de-noticias","category-arabe-internacional-politica","category-internacionales","category-minuto-a-minuto","category-ultimas-noticias"],"_links":{"self":[{"href":"https:\/\/archive.sana.sy\/es\/index.php?rest_route=\/wp\/v2\/posts\/329768"}],"collection":[{"href":"https:\/\/archive.sana.sy\/es\/index.php?rest_route=\/wp\/v2\/posts"}],"about":[{"href":"https:\/\/archive.sana.sy\/es\/index.php?rest_route=\/wp\/v2\/types\/post"}],"author":[{"embeddable":true,"href":"https:\/\/archive.sana.sy\/es\/index.php?rest_route=\/wp\/v2\/users\/42"}],"replies":[{"embeddable":true,"href":"https:\/\/archive.sana.sy\/es\/index.php?rest_route=%2Fwp%2Fv2%2Fcomments&post=329768"}],"version-history":[{"count":1,"href":"https:\/\/archive.sana.sy\/es\/index.php?rest_route=\/wp\/v2\/posts\/329768\/revisions"}],"predecessor-version":[{"id":329772,"href":"https:\/\/archive.sana.sy\/es\/index.php?rest_route=\/wp\/v2\/posts\/329768\/revisions\/329772"}],"wp:featuredmedia":[{"embeddable":true,"href":"https:\/\/archive.sana.sy\/es\/index.php?rest_route=\/wp\/v2\/media\/329769"}],"wp:attachment":[{"href":"https:\/\/archive.sana.sy\/es\/index.php?rest_route=%2Fwp%2Fv2%2Fmedia&parent=329768"}],"wp:term":[{"taxonomy":"category","embeddable":true,"href":"https:\/\/archive.sana.sy\/es\/index.php?rest_route=%2Fwp%2Fv2%2Fcategories&post=329768"},{"taxonomy":"post_tag","embeddable":true,"href":"https:\/\/archive.sana.sy\/es\/index.php?rest_route=%2Fwp%2Fv2%2Ftags&post=329768"}],"curies":[{"name":"wp","href":"https:\/\/api.w.org\/{rel}","templated":true}]}}