{"id":329779,"date":"2024-05-21T13:46:28","date_gmt":"2024-05-21T10:46:28","guid":{"rendered":"https:\/\/sana.sy\/es\/?p=329779"},"modified":"2024-05-21T13:46:28","modified_gmt":"2024-05-21T10:46:28","slug":"siete-palestinos-mueren-a-manos-de-las-fuerzas-israelies-en-jenin-cisjordania","status":"publish","type":"post","link":"https:\/\/archive.sana.sy\/es\/?p=329779","title":{"rendered":"Siete palestinos mueren a manos de las fuerzas israel\u00edes en Jenin\/Cisjordania"},"content":{"rendered":"<p style=\"text-align: justify;\"><span style=\"color: #800000;\"><strong>Jerusal\u00e9n ocupada, 21 may (SANA) <\/strong><\/span>Los militares israel\u00edes asaltaron el campamento de Jenin en Cisjordania y asesinaron a siete palestinos, mientras otros resultaron heridos.<\/p>\n<p style=\"text-align: justify;\">El Ministerio de Salud palestino confirm\u00f3 la muerte de los siete palestinos, entre ellos un m\u00e9dico y un profesor, y la lesi\u00f3n de otros nueve.<\/p>\n<p style=\"text-align: justify;\">Denunci\u00f3 que el asesinato intencional de un m\u00e9dico palestino se suma a los cr\u00edmenes israel\u00edes y llam\u00f3 a la comunidad internacional a intervenir inmediatamente para proteger al pueblo palestino, su personal m\u00e9dico y sus hospitales.<\/p>\n<p style=\"text-align: justify;\">as\/fm<\/p>\n","protected":false},"excerpt":{"rendered":"<p>Jerusal\u00e9n ocupada, 21 may (SANA) Los militares israel\u00edes asaltaron el campamento de Jenin en Cisjordania y asesinaron a siete palestinos, mientras otros resultaron heridos. El Ministerio de Salud palestino confirm\u00f3 la muerte de los siete palestinos, entre ellos un m\u00e9dico y un profesor, y la lesi\u00f3n de otros nueve. Denunci\u00f3 que el asesinato intencional de &hellip;<\/p>\n","protected":false},"author":42,"featured_media":329780,"comment_status":"closed","ping_status":"closed","sticky":false,"template":"","format":"standard","meta":{"footnotes":""},"categories":[597,456,16687,20724,7541],"tags":[],"class_list":["post-329779","post","type-post","status-publish","format-standard","has-post-thumbnail","","category-cinta-de-noticias","category-arabe-internacional-politica","category-internacionales","category-minuto-a-minuto","category-ultimas-noticias"],"_links":{"self":[{"href":"https:\/\/archive.sana.sy\/es\/index.php?rest_route=\/wp\/v2\/posts\/329779"}],"collection":[{"href":"https:\/\/archive.sana.sy\/es\/index.php?rest_route=\/wp\/v2\/posts"}],"about":[{"href":"https:\/\/archive.sana.sy\/es\/index.php?rest_route=\/wp\/v2\/types\/post"}],"author":[{"embeddable":true,"href":"https:\/\/archive.sana.sy\/es\/index.php?rest_route=\/wp\/v2\/users\/42"}],"replies":[{"embeddable":true,"href":"https:\/\/archive.sana.sy\/es\/index.php?rest_route=%2Fwp%2Fv2%2Fcomments&post=329779"}],"version-history":[{"count":1,"href":"https:\/\/archive.sana.sy\/es\/index.php?rest_route=\/wp\/v2\/posts\/329779\/revisions"}],"predecessor-version":[{"id":329781,"href":"https:\/\/archive.sana.sy\/es\/index.php?rest_route=\/wp\/v2\/posts\/329779\/revisions\/329781"}],"wp:featuredmedia":[{"embeddable":true,"href":"https:\/\/archive.sana.sy\/es\/index.php?rest_route=\/wp\/v2\/media\/329780"}],"wp:attachment":[{"href":"https:\/\/archive.sana.sy\/es\/index.php?rest_route=%2Fwp%2Fv2%2Fmedia&parent=329779"}],"wp:term":[{"taxonomy":"category","embeddable":true,"href":"https:\/\/archive.sana.sy\/es\/index.php?rest_route=%2Fwp%2Fv2%2Fcategories&post=329779"},{"taxonomy":"post_tag","embeddable":true,"href":"https:\/\/archive.sana.sy\/es\/index.php?rest_route=%2Fwp%2Fv2%2Ftags&post=329779"}],"curies":[{"name":"wp","href":"https:\/\/api.w.org\/{rel}","templated":true}]}}