{"id":329869,"date":"2024-05-22T10:54:01","date_gmt":"2024-05-22T07:54:01","guid":{"rendered":"https:\/\/sana.sy\/es\/?p=329869"},"modified":"2024-05-22T10:54:01","modified_gmt":"2024-05-22T07:54:01","slug":"noruega-irlanda-y-espana-reconocen-oficialmente-a-palestina-como-estado-soberano","status":"publish","type":"post","link":"https:\/\/archive.sana.sy\/es\/?p=329869","title":{"rendered":"Noruega, Irlanda y Espa\u00f1a reconocen oficialmente a Palestina como Estado soberano"},"content":{"rendered":"<blockquote>\n<p style=\"text-align: justify;\"><span style=\"color: #800000;\">&#8220;No puede haber paz sin un Estado palestino, y el reconocimiento no puede aplazarse hasta que se logre una soluci\u00f3n pac\u00edfica del conflicto&#8221;<\/span><\/p>\n<\/blockquote>\n<p style=\"text-align: justify;\"><span style=\"color: #800000;\"><strong>Capitales, 22 may (SANA)\u00a0<\/strong><\/span> \u00a0El primer ministro de Noruega, Jonas Gahr Store, y el titular noruego de Asuntos Exteriores, Espen Barth Eide, anunciaron que su pa\u00eds reconoce a Palestina como Estado soberano.<\/p>\n<p style=\"text-align: justify;\">La decisi\u00f3n entrar\u00e1 en vigor el pr\u00f3ximo 28 de mayo. &#8220;No puede haber paz sin un Estado palestino&#8221;, afirm\u00f3 Store, precisando que el reconocimiento no puede aplazarse hasta que se logre una soluci\u00f3n pac\u00edfica del conflicto.<\/p>\n<p style=\"text-align: justify;\">A su vez, el primer ministro irland\u00e9s, Simon Harris, anunci\u00f3 este mi\u00e9rcoles que su pa\u00eds reconocer\u00e1 formalmente el Estado de Palestina el pr\u00f3ximo 28 de mayo, recoge The Irish Times.<\/p>\n<p style=\"text-align: justify;\">Harris resalt\u00f3 que esta decisi\u00f3n marca un &#8220;d\u00eda importante e hist\u00f3rico para Irlanda y para Palestina&#8221;.<\/p>\n<p style=\"text-align: justify;\">Mientras, el presidente del Gobierno de Espa\u00f1a, Pedro S\u00e1nchez, anunci\u00f3 en su comparecencia ante el Congreso, que Espa\u00f1a reconocer\u00e1 Palestina como Estado independiente el pr\u00f3ximo 28 de mayo.<\/p>\n<p style=\"text-align: justify;\">&#8220;El primer ministro de Israel Benjam\u00edn Netanyahu sigue haciendo o\u00eddos sordos, sigue bombardeando hospitales, escuelas, sigue castigando con hambre, fr\u00edo y terror a m\u00e1s de un mill\u00f3n ni\u00f1os y ni\u00f1as inocentes&#8221;, dijo S\u00e1nchez.<\/p>\n<p style=\"text-align: justify;\">Agreg\u00f3 que &#8220;si tengo algo claro es que el primer ministro Netanyahu no tiene un proyecto de paz para Palestina&#8221;.<\/p>\n<p style=\"text-align: justify;\">La semana pasada, S\u00e1nchez adelant\u00f3 que el reconocimiento al Estado palestino se llevar\u00eda a cabo &#8220;en los siguientes d\u00edas&#8221;, ya que a\u00fan se estaba coordinando para dar el paso junto con otros pa\u00edses europeos.<\/p>\n<p style=\"text-align: justify;\"><strong>fm\/ws<\/strong><\/p>\n","protected":false},"excerpt":{"rendered":"<p>&#8220;No puede haber paz sin un Estado palestino, y el reconocimiento no puede aplazarse hasta que se logre una soluci\u00f3n pac\u00edfica del conflicto&#8221; Capitales, 22 may (SANA)\u00a0 \u00a0El primer ministro de Noruega, Jonas Gahr Store, y el titular noruego de Asuntos Exteriores, Espen Barth Eide, anunciaron que su pa\u00eds reconoce a Palestina como Estado soberano. &hellip;<\/p>\n","protected":false},"author":35,"featured_media":329870,"comment_status":"closed","ping_status":"closed","sticky":false,"template":"","format":"standard","meta":{"footnotes":""},"categories":[597,456,16687,20724,583],"tags":[],"class_list":["post-329869","post","type-post","status-publish","format-standard","has-post-thumbnail","","category-cinta-de-noticias","category-arabe-internacional-politica","category-internacionales","category-minuto-a-minuto","category-slide"],"_links":{"self":[{"href":"https:\/\/archive.sana.sy\/es\/index.php?rest_route=\/wp\/v2\/posts\/329869"}],"collection":[{"href":"https:\/\/archive.sana.sy\/es\/index.php?rest_route=\/wp\/v2\/posts"}],"about":[{"href":"https:\/\/archive.sana.sy\/es\/index.php?rest_route=\/wp\/v2\/types\/post"}],"author":[{"embeddable":true,"href":"https:\/\/archive.sana.sy\/es\/index.php?rest_route=\/wp\/v2\/users\/35"}],"replies":[{"embeddable":true,"href":"https:\/\/archive.sana.sy\/es\/index.php?rest_route=%2Fwp%2Fv2%2Fcomments&post=329869"}],"version-history":[{"count":1,"href":"https:\/\/archive.sana.sy\/es\/index.php?rest_route=\/wp\/v2\/posts\/329869\/revisions"}],"predecessor-version":[{"id":329871,"href":"https:\/\/archive.sana.sy\/es\/index.php?rest_route=\/wp\/v2\/posts\/329869\/revisions\/329871"}],"wp:featuredmedia":[{"embeddable":true,"href":"https:\/\/archive.sana.sy\/es\/index.php?rest_route=\/wp\/v2\/media\/329870"}],"wp:attachment":[{"href":"https:\/\/archive.sana.sy\/es\/index.php?rest_route=%2Fwp%2Fv2%2Fmedia&parent=329869"}],"wp:term":[{"taxonomy":"category","embeddable":true,"href":"https:\/\/archive.sana.sy\/es\/index.php?rest_route=%2Fwp%2Fv2%2Fcategories&post=329869"},{"taxonomy":"post_tag","embeddable":true,"href":"https:\/\/archive.sana.sy\/es\/index.php?rest_route=%2Fwp%2Fv2%2Ftags&post=329869"}],"curies":[{"name":"wp","href":"https:\/\/api.w.org\/{rel}","templated":true}]}}