{"id":329872,"date":"2024-05-22T11:53:03","date_gmt":"2024-05-22T08:53:03","guid":{"rendered":"https:\/\/sana.sy\/es\/?p=329872"},"modified":"2024-05-22T11:53:03","modified_gmt":"2024-05-22T08:53:03","slug":"ejercito-ruso-destruye-cuatro-drones-ucranianos-sobre-la-provincia-rusa-de-belgorod","status":"publish","type":"post","link":"https:\/\/archive.sana.sy\/es\/?p=329872","title":{"rendered":"Ej\u00e9rcito ruso destruye cuatro drones ucranianos sobre la provincia rusa de B\u00e9lgorod"},"content":{"rendered":"<p style=\"text-align: justify;\"><span style=\"color: #800000;\"><strong>Mosc\u00fa, 22 may (SANA) <\/strong><\/span>Las defensas a\u00e9reas rusas derribaron cuatro drones de las fuerzas ucranianas contra las provincias rusas de B\u00e9lgorod y Kaluga, al suroeste de Mosc\u00fa.<\/p>\n<p style=\"text-align: justify;\">El Ministerio de Defensa ruso inform\u00f3 en un comunicado, que la defensa antia\u00e9rea frustr\u00f3 un intento del r\u00e9gimen de Kiev de llevar a cabo un ataque terrorista con drones contra objetivos en el territorio de la Federaci\u00f3n de Rusia y destruy\u00f3 tres drones en la provincia de B\u00e9lgorod y otro en Kaluga.<\/p>\n<p style=\"text-align: justify;\">as\/fm<\/p>\n","protected":false},"excerpt":{"rendered":"<p>Mosc\u00fa, 22 may (SANA) Las defensas a\u00e9reas rusas derribaron cuatro drones de las fuerzas ucranianas contra las provincias rusas de B\u00e9lgorod y Kaluga, al suroeste de Mosc\u00fa. El Ministerio de Defensa ruso inform\u00f3 en un comunicado, que la defensa antia\u00e9rea frustr\u00f3 un intento del r\u00e9gimen de Kiev de llevar a cabo un ataque terrorista con &hellip;<\/p>\n","protected":false},"author":42,"featured_media":329873,"comment_status":"closed","ping_status":"closed","sticky":false,"template":"","format":"standard","meta":{"footnotes":""},"categories":[597,456,16687,20724,7541],"tags":[],"class_list":["post-329872","post","type-post","status-publish","format-standard","has-post-thumbnail","","category-cinta-de-noticias","category-arabe-internacional-politica","category-internacionales","category-minuto-a-minuto","category-ultimas-noticias"],"_links":{"self":[{"href":"https:\/\/archive.sana.sy\/es\/index.php?rest_route=\/wp\/v2\/posts\/329872"}],"collection":[{"href":"https:\/\/archive.sana.sy\/es\/index.php?rest_route=\/wp\/v2\/posts"}],"about":[{"href":"https:\/\/archive.sana.sy\/es\/index.php?rest_route=\/wp\/v2\/types\/post"}],"author":[{"embeddable":true,"href":"https:\/\/archive.sana.sy\/es\/index.php?rest_route=\/wp\/v2\/users\/42"}],"replies":[{"embeddable":true,"href":"https:\/\/archive.sana.sy\/es\/index.php?rest_route=%2Fwp%2Fv2%2Fcomments&post=329872"}],"version-history":[{"count":1,"href":"https:\/\/archive.sana.sy\/es\/index.php?rest_route=\/wp\/v2\/posts\/329872\/revisions"}],"predecessor-version":[{"id":329874,"href":"https:\/\/archive.sana.sy\/es\/index.php?rest_route=\/wp\/v2\/posts\/329872\/revisions\/329874"}],"wp:featuredmedia":[{"embeddable":true,"href":"https:\/\/archive.sana.sy\/es\/index.php?rest_route=\/wp\/v2\/media\/329873"}],"wp:attachment":[{"href":"https:\/\/archive.sana.sy\/es\/index.php?rest_route=%2Fwp%2Fv2%2Fmedia&parent=329872"}],"wp:term":[{"taxonomy":"category","embeddable":true,"href":"https:\/\/archive.sana.sy\/es\/index.php?rest_route=%2Fwp%2Fv2%2Fcategories&post=329872"},{"taxonomy":"post_tag","embeddable":true,"href":"https:\/\/archive.sana.sy\/es\/index.php?rest_route=%2Fwp%2Fv2%2Ftags&post=329872"}],"curies":[{"name":"wp","href":"https:\/\/api.w.org\/{rel}","templated":true}]}}