{"id":329875,"date":"2024-05-22T12:19:25","date_gmt":"2024-05-22T09:19:25","guid":{"rendered":"https:\/\/sana.sy\/es\/?p=329875"},"modified":"2024-05-22T12:19:35","modified_gmt":"2024-05-22T09:19:35","slug":"dolientes-iranies-realizan-la-oracion-funebre-por-raisi","status":"publish","type":"post","link":"https:\/\/archive.sana.sy\/es\/?p=329875","title":{"rendered":"Dolientes iran\u00edes realizan la oraci\u00f3n f\u00fanebre por Raisi"},"content":{"rendered":"<p><strong><span style=\"color: #800000;\">Teher\u00e1n, 22 may (SANA)<\/span>\u00a0<\/strong> \u00a0Millones de ciudadanos iran\u00edes se congregaron en Teher\u00e1n para dar el \u00faltimo adi\u00f3s a su presidente, Seyed Ebrahim Raisi, y sus compa\u00f1eros.<\/p>\n<p>La oraci\u00f3n f\u00fanebre fue dirigida por el L\u00edder de la Revoluci\u00f3n Isl\u00e1mica, el ayatol\u00e1 Seyed Ali Jamenei tras la llegada de los f\u00e9retros con los restos del jefe del Ejecutivo iran\u00ed, de su canciller, Hosein Amir Abdolahian, y de los otros m\u00e1rtires a la Universidad Teher\u00e1n en medio de gritos de \u201cDios es m\u00e1s grande\u201d.<\/p>\n<p>Los fieles afligidos sostuvieron carteles del fallecido l\u00edder mientras lloraban durante la ceremonia .<\/p>\n<p><strong>ws\/fm<\/strong><\/p>\n","protected":false},"excerpt":{"rendered":"<p>Teher\u00e1n, 22 may (SANA)\u00a0 \u00a0Millones de ciudadanos iran\u00edes se congregaron en Teher\u00e1n para dar el \u00faltimo adi\u00f3s a su presidente, Seyed Ebrahim Raisi, y sus compa\u00f1eros. La oraci\u00f3n f\u00fanebre fue dirigida por el L\u00edder de la Revoluci\u00f3n Isl\u00e1mica, el ayatol\u00e1 Seyed Ali Jamenei tras la llegada de los f\u00e9retros con los restos del jefe del &hellip;<\/p>\n","protected":false},"author":35,"featured_media":329876,"comment_status":"closed","ping_status":"closed","sticky":false,"template":"","format":"standard","meta":{"footnotes":""},"categories":[597,456,16687,20724,7541],"tags":[],"class_list":["post-329875","post","type-post","status-publish","format-standard","has-post-thumbnail","","category-cinta-de-noticias","category-arabe-internacional-politica","category-internacionales","category-minuto-a-minuto","category-ultimas-noticias"],"_links":{"self":[{"href":"https:\/\/archive.sana.sy\/es\/index.php?rest_route=\/wp\/v2\/posts\/329875"}],"collection":[{"href":"https:\/\/archive.sana.sy\/es\/index.php?rest_route=\/wp\/v2\/posts"}],"about":[{"href":"https:\/\/archive.sana.sy\/es\/index.php?rest_route=\/wp\/v2\/types\/post"}],"author":[{"embeddable":true,"href":"https:\/\/archive.sana.sy\/es\/index.php?rest_route=\/wp\/v2\/users\/35"}],"replies":[{"embeddable":true,"href":"https:\/\/archive.sana.sy\/es\/index.php?rest_route=%2Fwp%2Fv2%2Fcomments&post=329875"}],"version-history":[{"count":1,"href":"https:\/\/archive.sana.sy\/es\/index.php?rest_route=\/wp\/v2\/posts\/329875\/revisions"}],"predecessor-version":[{"id":329877,"href":"https:\/\/archive.sana.sy\/es\/index.php?rest_route=\/wp\/v2\/posts\/329875\/revisions\/329877"}],"wp:featuredmedia":[{"embeddable":true,"href":"https:\/\/archive.sana.sy\/es\/index.php?rest_route=\/wp\/v2\/media\/329876"}],"wp:attachment":[{"href":"https:\/\/archive.sana.sy\/es\/index.php?rest_route=%2Fwp%2Fv2%2Fmedia&parent=329875"}],"wp:term":[{"taxonomy":"category","embeddable":true,"href":"https:\/\/archive.sana.sy\/es\/index.php?rest_route=%2Fwp%2Fv2%2Fcategories&post=329875"},{"taxonomy":"post_tag","embeddable":true,"href":"https:\/\/archive.sana.sy\/es\/index.php?rest_route=%2Fwp%2Fv2%2Ftags&post=329875"}],"curies":[{"name":"wp","href":"https:\/\/api.w.org\/{rel}","templated":true}]}}