{"id":32988,"date":"2015-11-06T16:43:55","date_gmt":"2015-11-06T14:43:55","guid":{"rendered":"http:\/\/sana.sy\/es\/?p=32988"},"modified":"2015-11-06T16:54:10","modified_gmt":"2015-11-06T14:54:10","slug":"lavrov-el-terrorismo-y-el-extremismo-en-oriente-medio-y-africa-del-norte-es-muy-preocupante","status":"publish","type":"post","link":"https:\/\/archive.sana.sy\/es\/?p=32988","title":{"rendered":"Lavrov: el terrorismo y el extremismo en Oriente Medio y \u00c1frica del Norte es muy preocupante"},"content":{"rendered":"<p style=\"text-align: justify\"><span style=\"color: #800000\">Par\u00eds, SANA<\/span>&#8211;\u00a0El ministro de exterior ruso dijo en su discurso, en la 38 reuni\u00f3n de la Conferencia General de la UNESCO, que el aumento del terrorismo y el extremismo en Oriente Medio y \u00c1frica del Norte es muy preocupante, se\u00f1alando que los terroristas cometen masacres contra la poblaci\u00f3n pac\u00edfica y lanzan ataques contra todas las religiones en la regi\u00f3n.<\/p>\n<p style=\"text-align: justify\">Rusia conf\u00eda en que la Unesco enviar\u00e1 una misi\u00f3n a Siria, Irak y Afganist\u00e1n para evaluar los da\u00f1os causados por los yihadistas en el patrimonio cultural cuando lo permita la situaci\u00f3n en estos pa\u00edses, declar\u00f3 Lavrov.<\/p>\n<p style=\"text-align: justify\">&#8220;Estoy convencido de que la Unesco, de conformidad con su mandato y en cuanto lo permita la situaci\u00f3n en materia de seguridad, enviar\u00e1 una misi\u00f3n de expertos para evaluar el alcance de los da\u00f1os y comprender c\u00f3mo recuperar este valioso patrimonio de la humanidad&#8221;, dijo.<\/p>\n<p style=\"text-align: justify\">Los monumentos que &#8220;estos b\u00e1rbaros destruyen en Alepo, Palmira y otras muchas zonas de Siria, Afganist\u00e1n e Irak es patrimonio com\u00fan&#8221; de la humanidad, resalt\u00f3.<\/p>\n<p style=\"text-align: justify\">Por otro lado, el jefe de la diplomacia rusa invit\u00f3 a la responsable de la Unesco, Irina Bokova, al foro cultural internacional que se celebrar\u00e1 en diciembre pr\u00f3ximo en la ciudad rusa de San Petersburgo.<\/p>\n<p style=\"text-align: justify\">&#8220;Esperamos a la se\u00f1ora directora general en el foro cultural internacional de San Petersburgo y en la reuni\u00f3n de la Junta Consultiva Cient\u00edfica de la ONU en diciembre de este a\u00f1o&#8221;, indic\u00f3 en una reuni\u00f3n con Bokova.<\/p>\n<p style=\"text-align: justify\">Asimismo, Lavrov indic\u00f3 que el uso de los asuntos de ciencia y cultura en los juegos pol\u00edticos es inadmisible.<br \/>\n\u201cAhora es especialmente importante cuidar y proteger la ciencia y cultura (\u2026) Es inadmisible su uso en los juegos ocultos y la politizaci\u00f3n de estos asuntos\u201d, dijo.<\/p>\n<p style=\"text-align: justify\">Adem\u00e1s el ministro ruso advirti\u00f3 que la actividad de la Unesco tampoco puede ser politizada.<\/p>\n<p style=\"text-align: justify\">El ministro Lavrov asiste este viernes en la capital francesa a una reuni\u00f3n de la Conferencia General de la Unesco.<\/p>\n<p>M.Miri<\/p>\n","protected":false},"excerpt":{"rendered":"<p>Par\u00eds, SANA&#8211;\u00a0El ministro de exterior ruso dijo en su discurso, en la 38 reuni\u00f3n de la Conferencia General de la UNESCO, que el aumento del terrorismo y el extremismo en Oriente Medio y \u00c1frica del Norte es muy preocupante, se\u00f1alando que los terroristas cometen masacres contra la poblaci\u00f3n pac\u00edfica y lanzan ataques contra todas las &hellip;<\/p>\n","protected":false},"author":1,"featured_media":32990,"comment_status":"closed","ping_status":"closed","sticky":false,"template":"","format":"standard","meta":{"footnotes":""},"categories":[456,457,576],"tags":[7302],"class_list":["post-32988","post","type-post","status-publish","format-standard","has-post-thumbnail","","category-arabe-internacional-politica","category-noticias-arabe-internacional-politica","category-noticias-politicas","tag-lavrov-el-terrorismo-y-el-extremismo-en-oriente-medio-y-africa-del-norte-es-muy-preocupante"],"_links":{"self":[{"href":"https:\/\/archive.sana.sy\/es\/index.php?rest_route=\/wp\/v2\/posts\/32988"}],"collection":[{"href":"https:\/\/archive.sana.sy\/es\/index.php?rest_route=\/wp\/v2\/posts"}],"about":[{"href":"https:\/\/archive.sana.sy\/es\/index.php?rest_route=\/wp\/v2\/types\/post"}],"author":[{"embeddable":true,"href":"https:\/\/archive.sana.sy\/es\/index.php?rest_route=\/wp\/v2\/users\/1"}],"replies":[{"embeddable":true,"href":"https:\/\/archive.sana.sy\/es\/index.php?rest_route=%2Fwp%2Fv2%2Fcomments&post=32988"}],"version-history":[{"count":0,"href":"https:\/\/archive.sana.sy\/es\/index.php?rest_route=\/wp\/v2\/posts\/32988\/revisions"}],"wp:featuredmedia":[{"embeddable":true,"href":"https:\/\/archive.sana.sy\/es\/index.php?rest_route=\/wp\/v2\/media\/32990"}],"wp:attachment":[{"href":"https:\/\/archive.sana.sy\/es\/index.php?rest_route=%2Fwp%2Fv2%2Fmedia&parent=32988"}],"wp:term":[{"taxonomy":"category","embeddable":true,"href":"https:\/\/archive.sana.sy\/es\/index.php?rest_route=%2Fwp%2Fv2%2Fcategories&post=32988"},{"taxonomy":"post_tag","embeddable":true,"href":"https:\/\/archive.sana.sy\/es\/index.php?rest_route=%2Fwp%2Fv2%2Ftags&post=32988"}],"curies":[{"name":"wp","href":"https:\/\/api.w.org\/{rel}","templated":true}]}}