{"id":329888,"date":"2024-05-22T14:36:36","date_gmt":"2024-05-22T11:36:36","guid":{"rendered":"https:\/\/sana.sy\/es\/?p=329888"},"modified":"2024-05-22T14:36:36","modified_gmt":"2024-05-22T11:36:36","slug":"activistas-irrumpen-discurso-de-blinken-y-lo-tachan-de-criminal-de-guerra","status":"publish","type":"post","link":"https:\/\/archive.sana.sy\/es\/?p=329888","title":{"rendered":"Activistas irrumpen discurso de Blinken y lo tachan de criminal de guerra"},"content":{"rendered":"<p style=\"text-align: justify;\"><span style=\"color: #800000;\"><strong>Washington, 22 may (SANA)\u00a0<\/strong><\/span>\u00a0 Activistas llamaron criminal de guerra al secretario de Estado, Antony Blinken, mientras comparec\u00eda ante un comit\u00e9 del Senado para hablar sobre la respuesta que el pa\u00eds norteamericano dar\u00e1 a la solicitud de \u00f3rdenes de arresto de la Corte Penal Internacional (CPI) contra Netanyahu y altos funcionarios israel\u00edes.<\/p>\n<p style=\"text-align: justify;\">\n<p style=\"text-align: justify;\">Durante la comparecencia, el jefe de la diplomacia estadounidense arremeti\u00f3 contra la decisi\u00f3n del fiscal de la Corte Penal Internacional (CPI) de solicitar la captura del primer ministro y el secretario de Defensa de Israel, Benjam\u00edn Netanyahu y Yoav Gallant, respectivamente, junto a los l\u00edderes de Ham\u00e1s.<\/p>\n<p style=\"text-align: justify;\">Seg\u00fan Blinken, se trata de una &#8220;vergonzosa comparaci\u00f3n impl\u00edcita entre Ham\u00e1s y los l\u00edderes israel\u00edes&#8221;.<\/p>\n<p style=\"text-align: justify;\">Durante su participaci\u00f3n ante los congresistas, el alto funcionario fue interrumpido al menos en dos ocasiones por activistas pro-Palestina que se dieron cita en el recinto para manifestar su rechazo a la pol\u00edtica estadounidense de apoyo a Tel Aviv.<\/p>\n<p style=\"text-align: justify;\">&#8220;\u00a1Es un criminal de guerra! \u00a1La sangre de 40.000 personas est\u00e1 en tus manos! \u00a1La sangre de 40.000 palestinos est\u00e1 en tus manos!&#8221;, le espet\u00f3 una activista portando carteles que dec\u00edan criminal de guerra y piden enviar comida en lugar de armas.<\/p>\n<p style=\"text-align: justify;\">fm\/AS<\/p>\n<p style=\"text-align: justify;\">\n<p style=\"text-align: justify;\">\n<p style=\"text-align: justify;\">\n<p style=\"text-align: justify;\">\n<p style=\"text-align: justify;\">\n","protected":false},"excerpt":{"rendered":"<p>Washington, 22 may (SANA)\u00a0\u00a0 Activistas llamaron criminal de guerra al secretario de Estado, Antony Blinken, mientras comparec\u00eda ante un comit\u00e9 del Senado para hablar sobre la respuesta que el pa\u00eds norteamericano dar\u00e1 a la solicitud de \u00f3rdenes de arresto de la Corte Penal Internacional (CPI) contra Netanyahu y altos funcionarios israel\u00edes. Durante la comparecencia, el &hellip;<\/p>\n","protected":false},"author":42,"featured_media":329889,"comment_status":"closed","ping_status":"closed","sticky":false,"template":"","format":"standard","meta":{"footnotes":""},"categories":[597,456,16687,20724,7541],"tags":[],"class_list":["post-329888","post","type-post","status-publish","format-standard","has-post-thumbnail","","category-cinta-de-noticias","category-arabe-internacional-politica","category-internacionales","category-minuto-a-minuto","category-ultimas-noticias"],"_links":{"self":[{"href":"https:\/\/archive.sana.sy\/es\/index.php?rest_route=\/wp\/v2\/posts\/329888"}],"collection":[{"href":"https:\/\/archive.sana.sy\/es\/index.php?rest_route=\/wp\/v2\/posts"}],"about":[{"href":"https:\/\/archive.sana.sy\/es\/index.php?rest_route=\/wp\/v2\/types\/post"}],"author":[{"embeddable":true,"href":"https:\/\/archive.sana.sy\/es\/index.php?rest_route=\/wp\/v2\/users\/42"}],"replies":[{"embeddable":true,"href":"https:\/\/archive.sana.sy\/es\/index.php?rest_route=%2Fwp%2Fv2%2Fcomments&post=329888"}],"version-history":[{"count":1,"href":"https:\/\/archive.sana.sy\/es\/index.php?rest_route=\/wp\/v2\/posts\/329888\/revisions"}],"predecessor-version":[{"id":329890,"href":"https:\/\/archive.sana.sy\/es\/index.php?rest_route=\/wp\/v2\/posts\/329888\/revisions\/329890"}],"wp:featuredmedia":[{"embeddable":true,"href":"https:\/\/archive.sana.sy\/es\/index.php?rest_route=\/wp\/v2\/media\/329889"}],"wp:attachment":[{"href":"https:\/\/archive.sana.sy\/es\/index.php?rest_route=%2Fwp%2Fv2%2Fmedia&parent=329888"}],"wp:term":[{"taxonomy":"category","embeddable":true,"href":"https:\/\/archive.sana.sy\/es\/index.php?rest_route=%2Fwp%2Fv2%2Fcategories&post=329888"},{"taxonomy":"post_tag","embeddable":true,"href":"https:\/\/archive.sana.sy\/es\/index.php?rest_route=%2Fwp%2Fv2%2Ftags&post=329888"}],"curies":[{"name":"wp","href":"https:\/\/api.w.org\/{rel}","templated":true}]}}