{"id":329895,"date":"2024-05-22T18:06:47","date_gmt":"2024-05-22T15:06:47","guid":{"rendered":"https:\/\/sana.sy\/es\/?p=329895"},"modified":"2024-05-22T18:06:47","modified_gmt":"2024-05-22T15:06:47","slug":"israel-asesino-a-62-palestinos-de-gaza-en-las-ultimas-horas","status":"publish","type":"post","link":"https:\/\/archive.sana.sy\/es\/?p=329895","title":{"rendered":"Israel asesin\u00f3 a 62 palestinos de Gaza en las \u00faltimas horas"},"content":{"rendered":"<p style=\"text-align: justify\"><span style=\"color: #800000\"><strong>Jerusal\u00e9n ocupada, 22 may (SANA)<\/strong> <\/span>Las fuerzas del ocupante israel\u00ed cometieron durante las \u00faltimas 24 horas nuevas seis masacres contra familias en la Franja de Gaza, las cuales se cobraron la vida de 62 palestinos y provocaron 138 heridos.<\/p>\n<p style=\"text-align: justify\">Fuentes m\u00e9dicas confirmaron que varias v\u00edctimas permanecen por bajo de los escombros y en las carreteras, y los equipos de ambulancias y de defensa civil no pueden tener acceso a ellos.<\/p>\n<p style=\"text-align: justify\">Con estas nuevas cifras, el saldo de la agresi\u00f3n israel\u00ed ha ascendido a 35.709 m\u00e1rtires y 79.990 heridos desde el 7 de octubre del a\u00f1o pasado, fecha que marc\u00f3 el inicio de la brutal agresi\u00f3n israel\u00ed contra Gaza y su indefensa poblaci\u00f3n.<\/p>\n<p style=\"text-align: justify\">la<\/p>\n","protected":false},"excerpt":{"rendered":"<p>Jerusal\u00e9n ocupada, 22 may (SANA) Las fuerzas del ocupante israel\u00ed cometieron durante las \u00faltimas 24 horas nuevas seis masacres contra familias en la Franja de Gaza, las cuales se cobraron la vida de 62 palestinos y provocaron 138 heridos. Fuentes m\u00e9dicas confirmaron que varias v\u00edctimas permanecen por bajo de los escombros y en las carreteras, &hellip;<\/p>\n","protected":false},"author":24,"featured_media":329896,"comment_status":"closed","ping_status":"closed","sticky":false,"template":"","format":"standard","meta":{"footnotes":""},"categories":[597,456,20724,583],"tags":[],"class_list":["post-329895","post","type-post","status-publish","format-standard","has-post-thumbnail","","category-cinta-de-noticias","category-arabe-internacional-politica","category-minuto-a-minuto","category-slide"],"_links":{"self":[{"href":"https:\/\/archive.sana.sy\/es\/index.php?rest_route=\/wp\/v2\/posts\/329895"}],"collection":[{"href":"https:\/\/archive.sana.sy\/es\/index.php?rest_route=\/wp\/v2\/posts"}],"about":[{"href":"https:\/\/archive.sana.sy\/es\/index.php?rest_route=\/wp\/v2\/types\/post"}],"author":[{"embeddable":true,"href":"https:\/\/archive.sana.sy\/es\/index.php?rest_route=\/wp\/v2\/users\/24"}],"replies":[{"embeddable":true,"href":"https:\/\/archive.sana.sy\/es\/index.php?rest_route=%2Fwp%2Fv2%2Fcomments&post=329895"}],"version-history":[{"count":1,"href":"https:\/\/archive.sana.sy\/es\/index.php?rest_route=\/wp\/v2\/posts\/329895\/revisions"}],"predecessor-version":[{"id":329897,"href":"https:\/\/archive.sana.sy\/es\/index.php?rest_route=\/wp\/v2\/posts\/329895\/revisions\/329897"}],"wp:featuredmedia":[{"embeddable":true,"href":"https:\/\/archive.sana.sy\/es\/index.php?rest_route=\/wp\/v2\/media\/329896"}],"wp:attachment":[{"href":"https:\/\/archive.sana.sy\/es\/index.php?rest_route=%2Fwp%2Fv2%2Fmedia&parent=329895"}],"wp:term":[{"taxonomy":"category","embeddable":true,"href":"https:\/\/archive.sana.sy\/es\/index.php?rest_route=%2Fwp%2Fv2%2Fcategories&post=329895"},{"taxonomy":"post_tag","embeddable":true,"href":"https:\/\/archive.sana.sy\/es\/index.php?rest_route=%2Fwp%2Fv2%2Ftags&post=329895"}],"curies":[{"name":"wp","href":"https:\/\/api.w.org\/{rel}","templated":true}]}}