{"id":329950,"date":"2024-05-23T11:40:01","date_gmt":"2024-05-23T08:40:01","guid":{"rendered":"https:\/\/sana.sy\/es\/?p=329950"},"modified":"2024-05-23T11:40:01","modified_gmt":"2024-05-23T08:40:01","slug":"presidente-sirio-conversa-con-mokhber-y-ofrece-condolencias-por-muerte-de-raisi-y-abdollahian","status":"publish","type":"post","link":"https:\/\/archive.sana.sy\/es\/?p=329950","title":{"rendered":"Presidente sirio conversa con Mokhber y ofrece condolencias por muerte de Raisi y Abdollahian"},"content":{"rendered":"<p style=\"text-align: justify;\"><span style=\"color: #800000;\"><strong>Damasco, 23 may (SANA)\u00a0<\/strong><\/span> El presidente sirio Bashar Al-Assad realiz\u00f3 una llamada telef\u00f3nica con el presidente interino de Ir\u00e1n, Mohammad Mokhber, en la que expres\u00f3 sus m\u00e1s sentidas condolencias a los dirigentes y al pueblo de la Rep\u00fablica Isl\u00e1mica de Ir\u00e1n por la muerte del presidente Ibrahim Raisi y del ministro de Asuntos Exteriores, Hossein Amir Abdollahian y sus acompa\u00f1antes.<\/p>\n<p style=\"text-align: justify;\">Al-Assad\u00a0destac\u00f3 el enfoque consistente\u00a0de Siria en las relaciones\u00a0 con Ir\u00e1n y expres\u00f3 la total solidaridad con Teher\u00e1n en todas las circunstancias y su confianza en la capacidad del Estado y el pueblo iran\u00edes de superar este doloroso incidente.<\/p>\n<p style=\"text-align: justify;\">Durante la llamada, el presidente Al-Assad afirm\u00f3 que Siria se solidariza plenamente con Ir\u00e1n en todas las circunstancias y conf\u00eda en que el Estado y el pueblo iran\u00edes puedan superar este doloroso incidente.<\/p>\n<p style=\"text-align: justify;\">Por su parte, el presidente interino iran\u00ed destac\u00f3 la profundidad de las relaciones estrat\u00e9gicas entre los dos pa\u00edses amigos y la continuaci\u00f3n de la coordinaci\u00f3n entre ellos a todos los niveles.<\/p>\n<p style=\"text-align: justify;\">ed\/fm<\/p>\n","protected":false},"excerpt":{"rendered":"<p>Damasco, 23 may (SANA)\u00a0 El presidente sirio Bashar Al-Assad realiz\u00f3 una llamada telef\u00f3nica con el presidente interino de Ir\u00e1n, Mohammad Mokhber, en la que expres\u00f3 sus m\u00e1s sentidas condolencias a los dirigentes y al pueblo de la Rep\u00fablica Isl\u00e1mica de Ir\u00e1n por la muerte del presidente Ibrahim Raisi y del ministro de Asuntos Exteriores, Hossein &hellip;<\/p>\n","protected":false},"author":32,"featured_media":329951,"comment_status":"closed","ping_status":"closed","sticky":false,"template":"","format":"standard","meta":{"footnotes":""},"categories":[477,597,20724,476,583,626],"tags":[],"class_list":["post-329950","post","type-post","status-publish","format-standard","has-post-thumbnail","","category-noticias-edulcorantes","category-cinta-de-noticias","category-minuto-a-minuto","category-locales","category-slide","category-sr-presidente"],"_links":{"self":[{"href":"https:\/\/archive.sana.sy\/es\/index.php?rest_route=\/wp\/v2\/posts\/329950"}],"collection":[{"href":"https:\/\/archive.sana.sy\/es\/index.php?rest_route=\/wp\/v2\/posts"}],"about":[{"href":"https:\/\/archive.sana.sy\/es\/index.php?rest_route=\/wp\/v2\/types\/post"}],"author":[{"embeddable":true,"href":"https:\/\/archive.sana.sy\/es\/index.php?rest_route=\/wp\/v2\/users\/32"}],"replies":[{"embeddable":true,"href":"https:\/\/archive.sana.sy\/es\/index.php?rest_route=%2Fwp%2Fv2%2Fcomments&post=329950"}],"version-history":[{"count":1,"href":"https:\/\/archive.sana.sy\/es\/index.php?rest_route=\/wp\/v2\/posts\/329950\/revisions"}],"predecessor-version":[{"id":329952,"href":"https:\/\/archive.sana.sy\/es\/index.php?rest_route=\/wp\/v2\/posts\/329950\/revisions\/329952"}],"wp:featuredmedia":[{"embeddable":true,"href":"https:\/\/archive.sana.sy\/es\/index.php?rest_route=\/wp\/v2\/media\/329951"}],"wp:attachment":[{"href":"https:\/\/archive.sana.sy\/es\/index.php?rest_route=%2Fwp%2Fv2%2Fmedia&parent=329950"}],"wp:term":[{"taxonomy":"category","embeddable":true,"href":"https:\/\/archive.sana.sy\/es\/index.php?rest_route=%2Fwp%2Fv2%2Fcategories&post=329950"},{"taxonomy":"post_tag","embeddable":true,"href":"https:\/\/archive.sana.sy\/es\/index.php?rest_route=%2Fwp%2Fv2%2Ftags&post=329950"}],"curies":[{"name":"wp","href":"https:\/\/api.w.org\/{rel}","templated":true}]}}