{"id":329964,"date":"2024-05-23T16:01:54","date_gmt":"2024-05-23T13:01:54","guid":{"rendered":"https:\/\/sana.sy\/es\/?p=329964"},"modified":"2024-05-23T16:01:54","modified_gmt":"2024-05-23T13:01:54","slug":"miles-de-estudiantes-provenientes-de-areas-controlada-por-terroristas-llegan-a-la-ciudad-de-alepo-para-realizar-sus-examenes-en-centros-estatales","status":"publish","type":"post","link":"https:\/\/archive.sana.sy\/es\/?p=329964","title":{"rendered":"Miles de estudiantes provenientes de \u00e1reas controlada por terroristas llegan a la ciudad de Alepo para realizar sus ex\u00e1menes en centros estatales"},"content":{"rendered":"<p style=\"text-align: justify;\"><strong><span style=\"color: #800000;\">Alepo, 23 may (SANA)<\/span> <\/strong>El primer grupo de estudiantes provenientes de \u00e1reas bajo control de organizaciones terroristas lleg\u00f3 hoy a la provincia de Alepo a trav\u00e9s del corredor Tayha en el campo oriental de la mencionada ciudad para realizar sus ex\u00e1menes\u00a0 de educaci\u00f3n b\u00e1sica y secundaria en los centros estatales.<\/p>\n<p style=\"text-align: justify;\">El director del complejo educativo en la ciudad de Manbij, Nasser Al-Ali, afirm\u00f3 a SANA que m\u00e1s de 3.500 estudiantes llegaron desde zonas controladas por terroristas.<\/p>\n<p style=\"text-align: justify;\">Agreg\u00f3 que n\u00famero total de los alumnos entrantes ser\u00e1 de 9.500, y se\u00f1al\u00f3 que se han preparado 45 centros de acogida, adem\u00e1s de diez centros de reserva en diferentes zonas de la ciudad de la referida ciudad equipadas con los suministros alimentarios y sanitarios necesarios.<\/p>\n<p style=\"text-align: justify;\">Varios estudiantes comentaron sobre las facilidades otorgadas por las autoridades competentes en Alepo, desde el punto de llegada hasta los centros de acogida y otros servicios para realizar los ex\u00e1menes c\u00f3modamente.<\/p>\n<p style=\"text-align: justify;\">sm<\/p>\n<p style=\"text-align: justify;\">\n<p style=\"text-align: justify;\">\n<p style=\"text-align: justify;\">\n<p style=\"text-align: justify;\">\n<p style=\"text-align: justify;\">\n<p style=\"text-align: justify;\">\n<p style=\"text-align: justify;\">\n<p style=\"text-align: justify;\">\n<p style=\"text-align: justify;\">\n<p style=\"text-align: justify;\">\n","protected":false},"excerpt":{"rendered":"<p>Alepo, 23 may (SANA) El primer grupo de estudiantes provenientes de \u00e1reas bajo control de organizaciones terroristas lleg\u00f3 hoy a la provincia de Alepo a trav\u00e9s del corredor Tayha en el campo oriental de la mencionada ciudad para realizar sus ex\u00e1menes\u00a0 de educaci\u00f3n b\u00e1sica y secundaria en los centros estatales. El director del complejo educativo &hellip;<\/p>\n","protected":false},"author":39,"featured_media":329965,"comment_status":"closed","ping_status":"closed","sticky":false,"template":"","format":"standard","meta":{"footnotes":""},"categories":[477,597,573,20724,476,7541],"tags":[],"class_list":["post-329964","post","type-post","status-publish","format-standard","has-post-thumbnail","","category-noticias-edulcorantes","category-cinta-de-noticias","category-la-realidad-de-los-acontecimientos-en-siria","category-minuto-a-minuto","category-locales","category-ultimas-noticias"],"_links":{"self":[{"href":"https:\/\/archive.sana.sy\/es\/index.php?rest_route=\/wp\/v2\/posts\/329964"}],"collection":[{"href":"https:\/\/archive.sana.sy\/es\/index.php?rest_route=\/wp\/v2\/posts"}],"about":[{"href":"https:\/\/archive.sana.sy\/es\/index.php?rest_route=\/wp\/v2\/types\/post"}],"author":[{"embeddable":true,"href":"https:\/\/archive.sana.sy\/es\/index.php?rest_route=\/wp\/v2\/users\/39"}],"replies":[{"embeddable":true,"href":"https:\/\/archive.sana.sy\/es\/index.php?rest_route=%2Fwp%2Fv2%2Fcomments&post=329964"}],"version-history":[{"count":1,"href":"https:\/\/archive.sana.sy\/es\/index.php?rest_route=\/wp\/v2\/posts\/329964\/revisions"}],"predecessor-version":[{"id":329966,"href":"https:\/\/archive.sana.sy\/es\/index.php?rest_route=\/wp\/v2\/posts\/329964\/revisions\/329966"}],"wp:featuredmedia":[{"embeddable":true,"href":"https:\/\/archive.sana.sy\/es\/index.php?rest_route=\/wp\/v2\/media\/329965"}],"wp:attachment":[{"href":"https:\/\/archive.sana.sy\/es\/index.php?rest_route=%2Fwp%2Fv2%2Fmedia&parent=329964"}],"wp:term":[{"taxonomy":"category","embeddable":true,"href":"https:\/\/archive.sana.sy\/es\/index.php?rest_route=%2Fwp%2Fv2%2Fcategories&post=329964"},{"taxonomy":"post_tag","embeddable":true,"href":"https:\/\/archive.sana.sy\/es\/index.php?rest_route=%2Fwp%2Fv2%2Ftags&post=329964"}],"curies":[{"name":"wp","href":"https:\/\/api.w.org\/{rel}","templated":true}]}}