{"id":329970,"date":"2024-05-23T17:48:27","date_gmt":"2024-05-23T14:48:27","guid":{"rendered":"https:\/\/sana.sy\/es\/?p=329970"},"modified":"2024-05-23T17:48:27","modified_gmt":"2024-05-23T14:48:27","slug":"resistencia-libanesa-bombardea-con-decenas-de-misiles-sitios-militares-israelies","status":"publish","type":"post","link":"https:\/\/archive.sana.sy\/es\/?p=329970","title":{"rendered":"Resistencia libanesa bombardea con decenas de misiles sitios militares israel\u00edes"},"content":{"rendered":"<p style=\"text-align: justify;\"><span style=\"color: #800000;\"><strong>Beirut, 23 may (SANA)\u00a0<\/strong> <\/span>La resistencia libanesa atac\u00f3 hoy con decenas de cohetes \u201cKatyusha\u201d el cuartel general del Batall\u00f3n Al-Sahel de la 769\u00aa Brigada en la base de Beit Hillel.<\/p>\n<p style=\"text-align: justify;\">\u201cEn apoyo al firme pueblo palestino en la Franja de Gaza y a su valiente resistencia, y en respuesta a los bombardeos llevados a cabo por el ocupante israel\u00ed en la localidad de Kafr Dajal, los combatientes de la resistencia lanzaron decenas de misiles \u201cKatyusha y Falaq\u201d contra el referido sitio militar del enemigo\u201d, declar\u00f3 la resistencia.<\/p>\n<p style=\"text-align: justify;\">Asimismo, la resistencia tambi\u00e9n bombarde\u00f3 equipos de espionaje israel\u00edes en el sitio \u201cAl-Raheb\u201d.<\/p>\n<p style=\"text-align: justify;\">De igual manera, el cuartel general de la 91\u00aa Divisi\u00f3n de la ocupaci\u00f3n israel\u00ed, establecido en la base \u201cIllit\u201d, fue atacado por la resistencia libanesa con decenas de misiles en respuesta a las agresiones del ocupante sionista.<\/p>\n<p style=\"text-align: justify;\">sm<\/p>\n","protected":false},"excerpt":{"rendered":"<p>Beirut, 23 may (SANA)\u00a0 La resistencia libanesa atac\u00f3 hoy con decenas de cohetes \u201cKatyusha\u201d el cuartel general del Batall\u00f3n Al-Sahel de la 769\u00aa Brigada en la base de Beit Hillel. \u201cEn apoyo al firme pueblo palestino en la Franja de Gaza y a su valiente resistencia, y en respuesta a los bombardeos llevados a cabo &hellip;<\/p>\n","protected":false},"author":39,"featured_media":329971,"comment_status":"closed","ping_status":"closed","sticky":false,"template":"","format":"standard","meta":{"footnotes":""},"categories":[597,456,16687,20724,7541],"tags":[],"class_list":["post-329970","post","type-post","status-publish","format-standard","has-post-thumbnail","","category-cinta-de-noticias","category-arabe-internacional-politica","category-internacionales","category-minuto-a-minuto","category-ultimas-noticias"],"_links":{"self":[{"href":"https:\/\/archive.sana.sy\/es\/index.php?rest_route=\/wp\/v2\/posts\/329970"}],"collection":[{"href":"https:\/\/archive.sana.sy\/es\/index.php?rest_route=\/wp\/v2\/posts"}],"about":[{"href":"https:\/\/archive.sana.sy\/es\/index.php?rest_route=\/wp\/v2\/types\/post"}],"author":[{"embeddable":true,"href":"https:\/\/archive.sana.sy\/es\/index.php?rest_route=\/wp\/v2\/users\/39"}],"replies":[{"embeddable":true,"href":"https:\/\/archive.sana.sy\/es\/index.php?rest_route=%2Fwp%2Fv2%2Fcomments&post=329970"}],"version-history":[{"count":1,"href":"https:\/\/archive.sana.sy\/es\/index.php?rest_route=\/wp\/v2\/posts\/329970\/revisions"}],"predecessor-version":[{"id":329972,"href":"https:\/\/archive.sana.sy\/es\/index.php?rest_route=\/wp\/v2\/posts\/329970\/revisions\/329972"}],"wp:featuredmedia":[{"embeddable":true,"href":"https:\/\/archive.sana.sy\/es\/index.php?rest_route=\/wp\/v2\/media\/329971"}],"wp:attachment":[{"href":"https:\/\/archive.sana.sy\/es\/index.php?rest_route=%2Fwp%2Fv2%2Fmedia&parent=329970"}],"wp:term":[{"taxonomy":"category","embeddable":true,"href":"https:\/\/archive.sana.sy\/es\/index.php?rest_route=%2Fwp%2Fv2%2Fcategories&post=329970"},{"taxonomy":"post_tag","embeddable":true,"href":"https:\/\/archive.sana.sy\/es\/index.php?rest_route=%2Fwp%2Fv2%2Ftags&post=329970"}],"curies":[{"name":"wp","href":"https:\/\/api.w.org\/{rel}","templated":true}]}}