{"id":329973,"date":"2024-05-23T11:20:55","date_gmt":"2024-05-23T08:20:55","guid":{"rendered":"https:\/\/sana.sy\/es\/?p=329973"},"modified":"2024-05-23T18:30:03","modified_gmt":"2024-05-23T15:30:03","slug":"en-el-dia-230-de-su-brutal-agresion-contra-gaza-israel-asesina-a-mas-de-90-palestinos","status":"publish","type":"post","link":"https:\/\/archive.sana.sy\/es\/?p=329973","title":{"rendered":"En el d\u00eda 230 de su brutal agresi\u00f3n contra Gaza, \u201cIsrael\u201d asesina a m\u00e1s de 90 palestinos"},"content":{"rendered":"<p style=\"text-align: justify;\"><span style=\"color: #800000;\"><strong>Jerusal\u00e9n ocupada, 23 may (SANA)\u00a0<\/strong><\/span> El Ministerio de Salud palestino anunci\u00f3 que durante las \u00faltimas 24 horas, la ocupaci\u00f3n israel\u00ed cometi\u00f3 9 masacres en la Franja de Gaza, cuyas v\u00edctimas superaron los 91 muertos y 210 heridos.<\/p>\n<p style=\"text-align: justify;\">La referida entidad explic\u00f3 hoy mediante comunicado que el ocupante sionista contin\u00faa su guerra genocida contra Gaza desde el 7 de octubre pasado, lo que ha provocado la muerte de 35.800 personas y lesiones a otras 80.200.<\/p>\n<p style=\"text-align: justify;\">Se\u00f1al\u00f3 que un n\u00famero de v\u00edctimas a\u00fan est\u00e1n bajo los escombros y en las carreteras, y los equipos de rescate y de defensa no pueden acceder a ellos.<\/p>\n<p style=\"text-align: justify;\">sm<\/p>\n","protected":false},"excerpt":{"rendered":"<p>Jerusal\u00e9n ocupada, 23 may (SANA)\u00a0 El Ministerio de Salud palestino anunci\u00f3 que durante las \u00faltimas 24 horas, la ocupaci\u00f3n israel\u00ed cometi\u00f3 9 masacres en la Franja de Gaza, cuyas v\u00edctimas superaron los 91 muertos y 210 heridos. La referida entidad explic\u00f3 hoy mediante comunicado que el ocupante sionista contin\u00faa su guerra genocida contra Gaza desde &hellip;<\/p>\n","protected":false},"author":39,"featured_media":329974,"comment_status":"closed","ping_status":"closed","sticky":false,"template":"","format":"standard","meta":{"footnotes":""},"categories":[597,456,16687,20724,583],"tags":[],"class_list":["post-329973","post","type-post","status-publish","format-standard","has-post-thumbnail","","category-cinta-de-noticias","category-arabe-internacional-politica","category-internacionales","category-minuto-a-minuto","category-slide"],"_links":{"self":[{"href":"https:\/\/archive.sana.sy\/es\/index.php?rest_route=\/wp\/v2\/posts\/329973"}],"collection":[{"href":"https:\/\/archive.sana.sy\/es\/index.php?rest_route=\/wp\/v2\/posts"}],"about":[{"href":"https:\/\/archive.sana.sy\/es\/index.php?rest_route=\/wp\/v2\/types\/post"}],"author":[{"embeddable":true,"href":"https:\/\/archive.sana.sy\/es\/index.php?rest_route=\/wp\/v2\/users\/39"}],"replies":[{"embeddable":true,"href":"https:\/\/archive.sana.sy\/es\/index.php?rest_route=%2Fwp%2Fv2%2Fcomments&post=329973"}],"version-history":[{"count":1,"href":"https:\/\/archive.sana.sy\/es\/index.php?rest_route=\/wp\/v2\/posts\/329973\/revisions"}],"predecessor-version":[{"id":329975,"href":"https:\/\/archive.sana.sy\/es\/index.php?rest_route=\/wp\/v2\/posts\/329973\/revisions\/329975"}],"wp:featuredmedia":[{"embeddable":true,"href":"https:\/\/archive.sana.sy\/es\/index.php?rest_route=\/wp\/v2\/media\/329974"}],"wp:attachment":[{"href":"https:\/\/archive.sana.sy\/es\/index.php?rest_route=%2Fwp%2Fv2%2Fmedia&parent=329973"}],"wp:term":[{"taxonomy":"category","embeddable":true,"href":"https:\/\/archive.sana.sy\/es\/index.php?rest_route=%2Fwp%2Fv2%2Fcategories&post=329973"},{"taxonomy":"post_tag","embeddable":true,"href":"https:\/\/archive.sana.sy\/es\/index.php?rest_route=%2Fwp%2Fv2%2Ftags&post=329973"}],"curies":[{"name":"wp","href":"https:\/\/api.w.org\/{rel}","templated":true}]}}