{"id":329986,"date":"2024-05-23T20:57:42","date_gmt":"2024-05-23T17:57:42","guid":{"rendered":"https:\/\/sana.sy\/es\/?p=329986"},"modified":"2024-05-23T20:57:42","modified_gmt":"2024-05-23T17:57:42","slug":"el-minuto-a-minuto-de-la-actual-guerra-israeli-contra-gaza-2","status":"publish","type":"post","link":"https:\/\/archive.sana.sy\/es\/?p=329986","title":{"rendered":"El minuto a minuto de la actual guerra israel\u00ed contra Gaza"},"content":{"rendered":"<p style=\"text-align: justify;\"><span style=\"color: #800000;\"><strong>Jerusal\u00e9n ocupada, 23 may (SANA)<\/strong>\u00a0<\/span><strong>Los desarrollos m\u00e1s destacados relativos a la continua agresi\u00f3n israel\u00ed contra Gaza:<\/strong><\/p>\n<p style=\"text-align: justify;\">\u2b55\ufe0f Durante las \u00faltimas 24 horas, el ocupante israel\u00ed cometi\u00f3 9 masacres en Gaza, dejando muertas a 91 personas y heridas a otras 210.<\/p>\n<p style=\"text-align: justify;\">\u2b55\ufe0f El n\u00famero de v\u00edctimas de la actual agresi\u00f3n israel\u00ed a la Franja de Gaza aumenta a 35.800 muertos y 80.200 heridos.<\/p>\n<p style=\"text-align: justify;\">\u2b55\ufe0f Medios de prensa palestinos informaron que varios civiles resultaron muertos y heridos debido a bombardeos israel\u00edes contra la ciudad de Raf\u00e1, al sur de la Franja de Gaza.<\/p>\n<p style=\"text-align: justify;\">\u2b55\ufe0f En el d\u00eda 230 de su brutal agresi\u00f3n contra Gaza, \u201cIsrael\u201d asesina a m\u00e1s de 90 palestinos<\/p>\n<p style=\"text-align: justify;\">\u2b55\ufe0f Decenas de palestinos mueren por bombardeos israel\u00edes en Gaza<\/p>\n<p style=\"text-align: justify;\">\u2b55\ufe0f Seis palestinos caen muertos y otros resultan heridos como consecuencia del ataque de un caza israel\u00ed contra un almac\u00e9n de desarrollo social al este de Deir al-Balah, en la Franja de Gaza.<\/p>\n<p style=\"text-align: justify;\">sm<\/p>\n","protected":false},"excerpt":{"rendered":"<p>Jerusal\u00e9n ocupada, 23 may (SANA)\u00a0Los desarrollos m\u00e1s destacados relativos a la continua agresi\u00f3n israel\u00ed contra Gaza: \u2b55\ufe0f Durante las \u00faltimas 24 horas, el ocupante israel\u00ed cometi\u00f3 9 masacres en Gaza, dejando muertas a 91 personas y heridas a otras 210. \u2b55\ufe0f El n\u00famero de v\u00edctimas de la actual agresi\u00f3n israel\u00ed a la Franja de Gaza &hellip;<\/p>\n","protected":false},"author":39,"featured_media":329987,"comment_status":"closed","ping_status":"closed","sticky":false,"template":"","format":"standard","meta":{"footnotes":""},"categories":[597,456,16687,20724,583],"tags":[],"class_list":["post-329986","post","type-post","status-publish","format-standard","has-post-thumbnail","","category-cinta-de-noticias","category-arabe-internacional-politica","category-internacionales","category-minuto-a-minuto","category-slide"],"_links":{"self":[{"href":"https:\/\/archive.sana.sy\/es\/index.php?rest_route=\/wp\/v2\/posts\/329986"}],"collection":[{"href":"https:\/\/archive.sana.sy\/es\/index.php?rest_route=\/wp\/v2\/posts"}],"about":[{"href":"https:\/\/archive.sana.sy\/es\/index.php?rest_route=\/wp\/v2\/types\/post"}],"author":[{"embeddable":true,"href":"https:\/\/archive.sana.sy\/es\/index.php?rest_route=\/wp\/v2\/users\/39"}],"replies":[{"embeddable":true,"href":"https:\/\/archive.sana.sy\/es\/index.php?rest_route=%2Fwp%2Fv2%2Fcomments&post=329986"}],"version-history":[{"count":1,"href":"https:\/\/archive.sana.sy\/es\/index.php?rest_route=\/wp\/v2\/posts\/329986\/revisions"}],"predecessor-version":[{"id":329988,"href":"https:\/\/archive.sana.sy\/es\/index.php?rest_route=\/wp\/v2\/posts\/329986\/revisions\/329988"}],"wp:featuredmedia":[{"embeddable":true,"href":"https:\/\/archive.sana.sy\/es\/index.php?rest_route=\/wp\/v2\/media\/329987"}],"wp:attachment":[{"href":"https:\/\/archive.sana.sy\/es\/index.php?rest_route=%2Fwp%2Fv2%2Fmedia&parent=329986"}],"wp:term":[{"taxonomy":"category","embeddable":true,"href":"https:\/\/archive.sana.sy\/es\/index.php?rest_route=%2Fwp%2Fv2%2Fcategories&post=329986"},{"taxonomy":"post_tag","embeddable":true,"href":"https:\/\/archive.sana.sy\/es\/index.php?rest_route=%2Fwp%2Fv2%2Ftags&post=329986"}],"curies":[{"name":"wp","href":"https:\/\/api.w.org\/{rel}","templated":true}]}}