{"id":33002,"date":"2015-11-06T19:18:03","date_gmt":"2015-11-06T17:18:03","guid":{"rendered":"http:\/\/sana.sy\/es\/?p=33002"},"modified":"2015-11-06T19:18:03","modified_gmt":"2015-11-06T17:18:03","slug":"nasrallah-condena-la-violencia-israeli-contra-los-palestinos","status":"publish","type":"post","link":"https:\/\/archive.sana.sy\/es\/?p=33002","title":{"rendered":"Nasrallah condena la violencia israel\u00ed contra los palestinos"},"content":{"rendered":"<p style=\"text-align: justify\"><span style=\"color: #800000\">Beirut, SANA<\/span>&#8211; El secretario general de Hizubl\u00e1, sayed Hassan Nasrallah, afirm\u00f3 hoy durante un encentro de ulemas en apoyo a Palestina que \u201cestamos ante una etapa hist\u00f3rica en el destino del pueblo palestino.<\/p>\n<p style=\"text-align: justify\">Lo que ocurre hoy refleja un alto esp\u00edritu de martirio, estamos ante operaciones de martirio diarias o casi diarias pues las operaciones de apu\u00f1alamiento o atropello casi siempre terminan en martirio.<\/p>\n<p style=\"text-align: justify\">Este gran n\u00famero de operaciones expresan un convencimiento y una fe que pueden sorprender al mundo\u201d.<\/p>\n<p style=\"text-align: justify\">\u201cLo que ocurre no refleja frustraci\u00f3n, como pretenden vender el enemigo y algunos en el mundo \u00e1rabe, lo que ocurre hoy en la tierra de palestina por parte de esta generaci\u00f3n de j\u00f3venes refleja una gran conciencia por la opci\u00f3n de la confrontaci\u00f3n. Esta intifada ha puesto a la Umma de nuevo ante sus responsabilidades frente a Palestina y al Aqsa\u201d.<\/p>\n<p style=\"text-align: justify\">\u201cEl r\u00e9gimen israel\u00ed es la primera l\u00ednea de las potencias coloniales\u201d, dijo Nasrallah, para luego advertir de que el proyecto colonial que representa Israel afecta a toda la regi\u00f3n.<\/p>\n<p style=\"text-align: justify\">El l\u00edder de Hizubl\u00e1 ha criticado la ausencia de apoyo a la causa palestina por parte de ciertos pa\u00edses \u00e1rabes de la regi\u00f3n, y ha alertado de que, si bien ha disminuido la magnitud del peligro israel\u00ed para la regi\u00f3n, el r\u00e9gimen de Tel Aviv sigue amenazando la estabilidad de Oriente Medio.<\/p>\n<p>M.Miri<\/p>\n","protected":false},"excerpt":{"rendered":"<p>Beirut, SANA&#8211; El secretario general de Hizubl\u00e1, sayed Hassan Nasrallah, afirm\u00f3 hoy durante un encentro de ulemas en apoyo a Palestina que \u201cestamos ante una etapa hist\u00f3rica en el destino del pueblo palestino. Lo que ocurre hoy refleja un alto esp\u00edritu de martirio, estamos ante operaciones de martirio diarias o casi diarias pues las operaciones &hellip;<\/p>\n","protected":false},"author":1,"featured_media":33003,"comment_status":"closed","ping_status":"closed","sticky":false,"template":"","format":"standard","meta":{"footnotes":""},"categories":[456,457,576],"tags":[7305],"class_list":["post-33002","post","type-post","status-publish","format-standard","has-post-thumbnail","","category-arabe-internacional-politica","category-noticias-arabe-internacional-politica","category-noticias-politicas","tag-nasrallah-condena-la-violencia-israeli-contra-los-palestinos"],"_links":{"self":[{"href":"https:\/\/archive.sana.sy\/es\/index.php?rest_route=\/wp\/v2\/posts\/33002"}],"collection":[{"href":"https:\/\/archive.sana.sy\/es\/index.php?rest_route=\/wp\/v2\/posts"}],"about":[{"href":"https:\/\/archive.sana.sy\/es\/index.php?rest_route=\/wp\/v2\/types\/post"}],"author":[{"embeddable":true,"href":"https:\/\/archive.sana.sy\/es\/index.php?rest_route=\/wp\/v2\/users\/1"}],"replies":[{"embeddable":true,"href":"https:\/\/archive.sana.sy\/es\/index.php?rest_route=%2Fwp%2Fv2%2Fcomments&post=33002"}],"version-history":[{"count":0,"href":"https:\/\/archive.sana.sy\/es\/index.php?rest_route=\/wp\/v2\/posts\/33002\/revisions"}],"wp:featuredmedia":[{"embeddable":true,"href":"https:\/\/archive.sana.sy\/es\/index.php?rest_route=\/wp\/v2\/media\/33003"}],"wp:attachment":[{"href":"https:\/\/archive.sana.sy\/es\/index.php?rest_route=%2Fwp%2Fv2%2Fmedia&parent=33002"}],"wp:term":[{"taxonomy":"category","embeddable":true,"href":"https:\/\/archive.sana.sy\/es\/index.php?rest_route=%2Fwp%2Fv2%2Fcategories&post=33002"},{"taxonomy":"post_tag","embeddable":true,"href":"https:\/\/archive.sana.sy\/es\/index.php?rest_route=%2Fwp%2Fv2%2Ftags&post=33002"}],"curies":[{"name":"wp","href":"https:\/\/api.w.org\/{rel}","templated":true}]}}