{"id":330097,"date":"2024-05-25T14:46:04","date_gmt":"2024-05-25T11:46:04","guid":{"rendered":"https:\/\/sana.sy\/es\/?p=330097"},"modified":"2024-05-25T14:57:05","modified_gmt":"2024-05-25T11:57:05","slug":"reportan-decenas-de-muertos-y-heridos-en-el-dia-232-de-la-agresion-israeli-contra-gaza","status":"publish","type":"post","link":"https:\/\/archive.sana.sy\/es\/?p=330097","title":{"rendered":"Reportan decenas de muertos y heridos en el d\u00eda 232 de la agresi\u00f3n israel\u00ed contra Gaza"},"content":{"rendered":"<p style=\"text-align: justify;\"><span style=\"color: #800000;\"><strong>Jerusal\u00e9n ocupada, 25 may (SANA)\u00a0<\/strong> <\/span>Varios palestinos perdieron la vida y otros resultaron heridos por los continuos bombardeos perpetrados por el ocupante israel\u00ed por aire, tierra y mar contra la Franja de Gaza.<\/p>\n<p style=\"text-align: justify;\">Dichas agresiones constituyen un flagrante desaf\u00edo a las decisiones de la Corte Internacional de Justicia que exigen cesar los cr\u00edmenes de Tel Aviv.<\/p>\n<p style=\"text-align: justify;\">Cuatro palestinos murieron por bombardeo a\u00e9reo israel\u00ed contra una casa al norte del campamento de Nuseirat en el centro del enclave costero, mientras fueron reportados violentos bombardeos de artiller\u00eda en las cercan\u00edas de la central el\u00e9ctrica.<\/p>\n<p style=\"text-align: justify;\">Por otro lado, los barrios de Sheikh Ajlin, Tal Al-Hawa y Al-Zaitoun en la ciudad de Gaza fueron blancos de violentos bombardeos de artiller\u00eda y el fuego de los veh\u00edculos militares del ocupante.<\/p>\n<p style=\"text-align: justify;\">Asimismo, los tanques de guerra bombardearon las proximidades de la Facultad de Ciencias Aplicadas y las calles 8 y Al-Nafaq, provocando la muerte de varios palestinos y lesiones a decenas.<\/p>\n<p style=\"text-align: justify;\">El Ministerio de Salud palestino anunci\u00f3 que la cifra de v\u00edctimas de la agresi\u00f3n israel\u00ed contra Gaza desde el 7 de octubre pasado ascendi\u00f3 a 35 mil 857 muertos y 80 mil 293 heridos.<\/p>\n<p style=\"text-align: justify;\">ed\/fm<\/p>\n","protected":false},"excerpt":{"rendered":"<p>Jerusal\u00e9n ocupada, 25 may (SANA)\u00a0 Varios palestinos perdieron la vida y otros resultaron heridos por los continuos bombardeos perpetrados por el ocupante israel\u00ed por aire, tierra y mar contra la Franja de Gaza. Dichas agresiones constituyen un flagrante desaf\u00edo a las decisiones de la Corte Internacional de Justicia que exigen cesar los cr\u00edmenes de Tel &hellip;<\/p>\n","protected":false},"author":32,"featured_media":330098,"comment_status":"closed","ping_status":"closed","sticky":false,"template":"","format":"standard","meta":{"footnotes":""},"categories":[597,456,20724,583],"tags":[],"class_list":["post-330097","post","type-post","status-publish","format-standard","has-post-thumbnail","","category-cinta-de-noticias","category-arabe-internacional-politica","category-minuto-a-minuto","category-slide"],"_links":{"self":[{"href":"https:\/\/archive.sana.sy\/es\/index.php?rest_route=\/wp\/v2\/posts\/330097"}],"collection":[{"href":"https:\/\/archive.sana.sy\/es\/index.php?rest_route=\/wp\/v2\/posts"}],"about":[{"href":"https:\/\/archive.sana.sy\/es\/index.php?rest_route=\/wp\/v2\/types\/post"}],"author":[{"embeddable":true,"href":"https:\/\/archive.sana.sy\/es\/index.php?rest_route=\/wp\/v2\/users\/32"}],"replies":[{"embeddable":true,"href":"https:\/\/archive.sana.sy\/es\/index.php?rest_route=%2Fwp%2Fv2%2Fcomments&post=330097"}],"version-history":[{"count":1,"href":"https:\/\/archive.sana.sy\/es\/index.php?rest_route=\/wp\/v2\/posts\/330097\/revisions"}],"predecessor-version":[{"id":330099,"href":"https:\/\/archive.sana.sy\/es\/index.php?rest_route=\/wp\/v2\/posts\/330097\/revisions\/330099"}],"wp:featuredmedia":[{"embeddable":true,"href":"https:\/\/archive.sana.sy\/es\/index.php?rest_route=\/wp\/v2\/media\/330098"}],"wp:attachment":[{"href":"https:\/\/archive.sana.sy\/es\/index.php?rest_route=%2Fwp%2Fv2%2Fmedia&parent=330097"}],"wp:term":[{"taxonomy":"category","embeddable":true,"href":"https:\/\/archive.sana.sy\/es\/index.php?rest_route=%2Fwp%2Fv2%2Fcategories&post=330097"},{"taxonomy":"post_tag","embeddable":true,"href":"https:\/\/archive.sana.sy\/es\/index.php?rest_route=%2Fwp%2Fv2%2Ftags&post=330097"}],"curies":[{"name":"wp","href":"https:\/\/api.w.org\/{rel}","templated":true}]}}