{"id":330125,"date":"2024-05-25T18:50:03","date_gmt":"2024-05-25T15:50:03","guid":{"rendered":"https:\/\/sana.sy\/es\/?p=330125"},"modified":"2024-05-25T18:50:03","modified_gmt":"2024-05-25T15:50:03","slug":"parlamento-arabe-pide-fin-de-la-actual-agresion-israeli-contra-la-franja-de-gaza","status":"publish","type":"post","link":"https:\/\/archive.sana.sy\/es\/?p=330125","title":{"rendered":"Parlamento \u00c1rabe pide fin de la actual agresi\u00f3n israel\u00ed contra la Franja de Gaza"},"content":{"rendered":"<p style=\"text-align: justify;\"><span style=\"color: #800000;\"><strong>El Cairo, 25 may (SANA)\u00a0<\/strong> <\/span>\u00a0Con la participaci\u00f3n de Siria, el Parlamento \u00c1rabe celebr\u00f3 hoy su cuarta sesi\u00f3n en la sede de la Liga \u00c1rabe en El Cairo, la capital de Egipto.<\/p>\n<p style=\"text-align: justify;\">Los parlamentarios \u00e1rabes examinaron los informes de las reuniones de los comit\u00e9s parlamentarios relacionados con el seguimiento de la evoluci\u00f3n de los diversos expedientes pol\u00edticos, sociales y de seguridad en la regi\u00f3n \u00e1rabe.<\/p>\n<p style=\"text-align: justify;\">Los participantes examinaron el informe del \u201cComit\u00e9 Palestino\u201d, que surge a la luz del especial inter\u00e9s que el Parlamento \u00c1rabe concede a la cuesti\u00f3n palestina, por ser la cuesti\u00f3n central, especialmente con la continuaci\u00f3n de la guerra de genocidio israel\u00ed contra el pueblo palestino en la Franja de Gaza, pidiendo que se detenga inmediatamente.<\/p>\n<p style=\"text-align: justify;\">En su discurso de apertura, Adel Al-Asoumi, presidente del Parlamento \u00e1rabe, destac\u00f3 la importancia del llamamiento hecho por la reciente Cumbre \u00c1rabe a celebrar una conferencia internacional para resolver la causa palestina sobre la base del establecimiento de un Estado palestino independiente.<\/p>\n<p style=\"text-align: justify;\">Asimismo, el diputados sirio Jaber Al-Kharafan, dijo en una declaraci\u00f3n al corresponsal de SANA en El Cairo, que durante la sesi\u00f3n, se estudiaron los informes de los comit\u00e9s, incluido el Comit\u00e9 de Leyes Legislativas y Derechos Humanos, y tambi\u00e9n se enfatiz\u00f3 la condena a la agresi\u00f3n israel\u00ed contra los palestinos y contra territorios sirios.<\/p>\n<p style=\"text-align: justify;\">\u201cTambi\u00e9n se enfatiz\u00f3 la necesidad de levantar el injusto bloqueo econ\u00f3mico occidental contra el pueblo sirio, y se llam\u00f3 a contribuir al proceso de reconstrucci\u00f3n en Siria\u201d, se\u00f1al\u00f3.<\/p>\n<p style=\"text-align: justify;\">La v\u00edspera, el Parlamento \u00c1rabe exigi\u00f3 al Consejo de Seguridad de la ONU y a la comunidad internacional que obliguen a la entidad de ocupaci\u00f3n israel\u00ed a implementar la decisi\u00f3n de la Corte Internacional de Justicia de detener su agresi\u00f3n contra Rafah, garantizar el acceso de los comit\u00e9s de investigaci\u00f3n de la ONU a la Franja de Gaza, y respetar las resoluciones de la legitimidad y el derecho internacionales.<\/p>\n<p style=\"text-align: justify;\">rr<\/p>\n","protected":false},"excerpt":{"rendered":"<p>El Cairo, 25 may (SANA)\u00a0 \u00a0Con la participaci\u00f3n de Siria, el Parlamento \u00c1rabe celebr\u00f3 hoy su cuarta sesi\u00f3n en la sede de la Liga \u00c1rabe en El Cairo, la capital de Egipto. Los parlamentarios \u00e1rabes examinaron los informes de las reuniones de los comit\u00e9s parlamentarios relacionados con el seguimiento de la evoluci\u00f3n de los diversos &hellip;<\/p>\n","protected":false},"author":31,"featured_media":330131,"comment_status":"closed","ping_status":"closed","sticky":false,"template":"","format":"standard","meta":{"footnotes":""},"categories":[597,467,7541],"tags":[21385,8253,8878,6553],"class_list":["post-330125","post","type-post","status-publish","format-standard","has-post-thumbnail","","category-cinta-de-noticias","category-siria-y-el-mundo","category-ultimas-noticias","tag-arabe","tag-egipto","tag-parlamento","tag-siria"],"_links":{"self":[{"href":"https:\/\/archive.sana.sy\/es\/index.php?rest_route=\/wp\/v2\/posts\/330125"}],"collection":[{"href":"https:\/\/archive.sana.sy\/es\/index.php?rest_route=\/wp\/v2\/posts"}],"about":[{"href":"https:\/\/archive.sana.sy\/es\/index.php?rest_route=\/wp\/v2\/types\/post"}],"author":[{"embeddable":true,"href":"https:\/\/archive.sana.sy\/es\/index.php?rest_route=\/wp\/v2\/users\/31"}],"replies":[{"embeddable":true,"href":"https:\/\/archive.sana.sy\/es\/index.php?rest_route=%2Fwp%2Fv2%2Fcomments&post=330125"}],"version-history":[{"count":1,"href":"https:\/\/archive.sana.sy\/es\/index.php?rest_route=\/wp\/v2\/posts\/330125\/revisions"}],"predecessor-version":[{"id":330132,"href":"https:\/\/archive.sana.sy\/es\/index.php?rest_route=\/wp\/v2\/posts\/330125\/revisions\/330132"}],"wp:featuredmedia":[{"embeddable":true,"href":"https:\/\/archive.sana.sy\/es\/index.php?rest_route=\/wp\/v2\/media\/330131"}],"wp:attachment":[{"href":"https:\/\/archive.sana.sy\/es\/index.php?rest_route=%2Fwp%2Fv2%2Fmedia&parent=330125"}],"wp:term":[{"taxonomy":"category","embeddable":true,"href":"https:\/\/archive.sana.sy\/es\/index.php?rest_route=%2Fwp%2Fv2%2Fcategories&post=330125"},{"taxonomy":"post_tag","embeddable":true,"href":"https:\/\/archive.sana.sy\/es\/index.php?rest_route=%2Fwp%2Fv2%2Ftags&post=330125"}],"curies":[{"name":"wp","href":"https:\/\/api.w.org\/{rel}","templated":true}]}}