{"id":330145,"date":"2024-05-26T13:22:49","date_gmt":"2024-05-26T10:22:49","guid":{"rendered":"https:\/\/sana.sy\/es\/?p=330145"},"modified":"2024-05-26T13:22:59","modified_gmt":"2024-05-26T10:22:59","slug":"fuerzas-rusas-repelen-masivo-ataque-ucraniano-con-drones-y-cohetes","status":"publish","type":"post","link":"https:\/\/archive.sana.sy\/es\/?p=330145","title":{"rendered":"Fuerzas rusas repelen masivo ataque ucraniano con drones y cohetes"},"content":{"rendered":"<p style=\"text-align: justify;\"><span style=\"color: #800000;\"><strong>Mosc\u00fa, 26 may (SANA)<\/strong><\/span>\u00a0 \u00a0Las fuerzas de defensa a\u00e9rea rusas derribaron diez drones ucranianos durante la noche en la regi\u00f3n de Kursk y tres en la regi\u00f3n de Oriol, comunic\u00f3 el Ministerio de Defensa ruso.<\/p>\n<p style=\"text-align: justify;\">&#8220;Seg\u00fan la informaci\u00f3n preliminar, no hay v\u00edctimas ni destrucci\u00f3n&#8221;, escribi\u00f3 el gobernador de la regi\u00f3n de Oriol.<\/p>\n<p style=\"text-align: justify;\">Otro dron fue derribado sobre la regi\u00f3n de Briansk, inform\u00f3 el gobernador Aleks\u00e1nder Bogomaz.<\/p>\n<p style=\"text-align: justify;\">Por otro lado, las fuerzas ucranianas han atacado usando un lanzacohetes m\u00faltiples la aldea rusa de Oktiabrski, situada en la provincia de B\u00e9lgorod, dejando a dos civiles muertos.<\/p>\n<p style=\"text-align: justify;\">18 personas han resultado heridas, entre ellas dos ni\u00f1os. Tres han sido dadas de alta para recibir tratamiento ambulatorio Cuatro est\u00e1n en cuidados intensivos&#8221;, inform\u00f3 el gobernador de la regi\u00f3n de B\u00e9lgordo, Viacheslav Gladkov.<\/p>\n<p style=\"text-align: justify;\"><strong>fm\/ws<\/strong><\/p>\n","protected":false},"excerpt":{"rendered":"<p>Mosc\u00fa, 26 may (SANA)\u00a0 \u00a0Las fuerzas de defensa a\u00e9rea rusas derribaron diez drones ucranianos durante la noche en la regi\u00f3n de Kursk y tres en la regi\u00f3n de Oriol, comunic\u00f3 el Ministerio de Defensa ruso. &#8220;Seg\u00fan la informaci\u00f3n preliminar, no hay v\u00edctimas ni destrucci\u00f3n&#8221;, escribi\u00f3 el gobernador de la regi\u00f3n de Oriol. Otro dron fue &hellip;<\/p>\n","protected":false},"author":35,"featured_media":330146,"comment_status":"closed","ping_status":"closed","sticky":false,"template":"","format":"standard","meta":{"footnotes":""},"categories":[597,456,16687,20724,7541],"tags":[],"class_list":["post-330145","post","type-post","status-publish","format-standard","has-post-thumbnail","","category-cinta-de-noticias","category-arabe-internacional-politica","category-internacionales","category-minuto-a-minuto","category-ultimas-noticias"],"_links":{"self":[{"href":"https:\/\/archive.sana.sy\/es\/index.php?rest_route=\/wp\/v2\/posts\/330145"}],"collection":[{"href":"https:\/\/archive.sana.sy\/es\/index.php?rest_route=\/wp\/v2\/posts"}],"about":[{"href":"https:\/\/archive.sana.sy\/es\/index.php?rest_route=\/wp\/v2\/types\/post"}],"author":[{"embeddable":true,"href":"https:\/\/archive.sana.sy\/es\/index.php?rest_route=\/wp\/v2\/users\/35"}],"replies":[{"embeddable":true,"href":"https:\/\/archive.sana.sy\/es\/index.php?rest_route=%2Fwp%2Fv2%2Fcomments&post=330145"}],"version-history":[{"count":2,"href":"https:\/\/archive.sana.sy\/es\/index.php?rest_route=\/wp\/v2\/posts\/330145\/revisions"}],"predecessor-version":[{"id":330148,"href":"https:\/\/archive.sana.sy\/es\/index.php?rest_route=\/wp\/v2\/posts\/330145\/revisions\/330148"}],"wp:featuredmedia":[{"embeddable":true,"href":"https:\/\/archive.sana.sy\/es\/index.php?rest_route=\/wp\/v2\/media\/330146"}],"wp:attachment":[{"href":"https:\/\/archive.sana.sy\/es\/index.php?rest_route=%2Fwp%2Fv2%2Fmedia&parent=330145"}],"wp:term":[{"taxonomy":"category","embeddable":true,"href":"https:\/\/archive.sana.sy\/es\/index.php?rest_route=%2Fwp%2Fv2%2Fcategories&post=330145"},{"taxonomy":"post_tag","embeddable":true,"href":"https:\/\/archive.sana.sy\/es\/index.php?rest_route=%2Fwp%2Fv2%2Ftags&post=330145"}],"curies":[{"name":"wp","href":"https:\/\/api.w.org\/{rel}","templated":true}]}}