{"id":330149,"date":"2024-05-26T13:53:36","date_gmt":"2024-05-26T10:53:36","guid":{"rendered":"https:\/\/sana.sy\/es\/?p=330149"},"modified":"2024-05-26T13:54:59","modified_gmt":"2024-05-26T10:54:59","slug":"el-cultivo-de-la-rosa-damascena-una-tradicion-siria-milenaria-que-difunde-aroma-y-belleza","status":"publish","type":"post","link":"https:\/\/archive.sana.sy\/es\/?p=330149","title":{"rendered":"El cultivo de la Rosa Damascena, una tradici\u00f3n siria milenaria que difunde aroma y belleza"},"content":{"rendered":"<p style=\"text-align: justify;\"><strong><span style=\"color: #800000;\">Damasco , 26 may (SANA) <\/span>\u00a0 <\/strong>Varias regiones de Siria se visten de rosa anunciando la llegada de la temporada de la Rosa de Damasco, la flor nacional de Siria y su embajadora de paz y amor al mundo .<\/p>\n<p style=\"text-align: justify;\"><img loading=\"lazy\" decoding=\"async\" class=\"size-medium wp-image-330151 alignright\" src=\"http:\/\/sana.sy\/es\/wp-content\/uploads\/2024\/05\/90498a49-07e9-4cd1-8af7-fc0c040396a7-300x200.jpg\" alt=\"\" width=\"300\" height=\"200\" srcset=\"https:\/\/archive.sana.sy\/es\/wp-content\/uploads\/2024\/05\/90498a49-07e9-4cd1-8af7-fc0c040396a7-300x200.jpg 300w, https:\/\/archive.sana.sy\/es\/wp-content\/uploads\/2024\/05\/90498a49-07e9-4cd1-8af7-fc0c040396a7-1024x683.jpg 1024w, https:\/\/archive.sana.sy\/es\/wp-content\/uploads\/2024\/05\/90498a49-07e9-4cd1-8af7-fc0c040396a7-150x100.jpg 150w, https:\/\/archive.sana.sy\/es\/wp-content\/uploads\/2024\/05\/90498a49-07e9-4cd1-8af7-fc0c040396a7-768x512.jpg 768w, https:\/\/archive.sana.sy\/es\/wp-content\/uploads\/2024\/05\/90498a49-07e9-4cd1-8af7-fc0c040396a7.jpg 1080w\" sizes=\"(max-width: 300px) 100vw, 300px\" \/><\/p>\n<p style=\"text-align: justify;\">En mayo y junio florecen los campos de rosas damascenas, y las localidades famosas por su cultivo acompa\u00f1an la temporada de cosecha con rituales tradicionales que tambi\u00e9n fueron incluidos junto a nuestra rosa en la lista de la Organizaci\u00f3n de las Naciones Unidas para la Educaci\u00f3n, la Ciencia y la Cultura (Unesco) como Patrimonio Inmaterial de la Humanidad, y espec\u00edficamente el poblado de Almarah en el campo norte\u00f1o de Damasco, donde cada a\u00f1o se celebra un festival al final de cada temporada de cosecha.<\/p>\n<p style=\"text-align: justify;\"><strong>Color, m\u00fasica y danza: Las representaciones culturales de esta flor milenaria<\/strong><\/p>\n<p style=\"text-align: justify;\">La m\u00fasica y la danza tradicional son partes fundamentales de las festividades durante el Festival de la cosecha de la Rosa de Damasco . Los visitantes pueden ser testigos de danzas tradicionales y escuchar canciones populares que se han transmitido de generaci\u00f3n en generaci\u00f3n.<\/p>\n<p style=\"text-align: justify;\"><img loading=\"lazy\" decoding=\"async\" class=\"size-medium wp-image-330153 alignright\" src=\"http:\/\/sana.sy\/es\/wp-content\/uploads\/2024\/05\/ab9df3eb-eab4-4639-81e2-6590bfb05f3f-300x242.jpg\" alt=\"\" width=\"300\" height=\"242\" srcset=\"https:\/\/archive.sana.sy\/es\/wp-content\/uploads\/2024\/05\/ab9df3eb-eab4-4639-81e2-6590bfb05f3f-300x242.jpg 300w, https:\/\/archive.sana.sy\/es\/wp-content\/uploads\/2024\/05\/ab9df3eb-eab4-4639-81e2-6590bfb05f3f-1024x827.jpg 1024w, https:\/\/archive.sana.sy\/es\/wp-content\/uploads\/2024\/05\/ab9df3eb-eab4-4639-81e2-6590bfb05f3f-150x121.jpg 150w, https:\/\/archive.sana.sy\/es\/wp-content\/uploads\/2024\/05\/ab9df3eb-eab4-4639-81e2-6590bfb05f3f-768x620.jpg 768w, https:\/\/archive.sana.sy\/es\/wp-content\/uploads\/2024\/05\/ab9df3eb-eab4-4639-81e2-6590bfb05f3f.jpg 1080w\" sizes=\"(max-width: 300px) 100vw, 300px\" \/><\/p>\n<p style=\"text-align: justify;\"><strong>Del capullo al frasco: El arte de la extracci\u00f3n del aceite de rosa<\/strong><\/p>\n<p style=\"text-align: justify;\">El Festival tambi\u00e9n ofrece una oportunidad \u00fanica para aprender sobre el proceso de extracci\u00f3n del aceite de rosa. Este oficio ha sido transmitido de generaci\u00f3n en generaci\u00f3n, con los artesanos locales preservando meticulosamente los m\u00e9todos tradicionales.<\/p>\n<p style=\"text-align: justify;\">En la antig\u00fcedad, la producci\u00f3n de aceite de rosa era un proceso de destilaci\u00f3n sencillo que produc\u00eda solo peque\u00f1as cantidades del muy valorado aceite de rosa, muy apreciado en esa \u00e9poca.<\/p>\n<p style=\"text-align: justify;\">Los delicados p\u00e9talos se recolectan a mano temprano en la ma\u00f1ana, cuando su fragancia est\u00e1 en su apogeo. Luego, estos p\u00e9talos se someten a una destilaci\u00f3n cuidadosa para crear el valioso aceite de rosa.<\/p>\n<p style=\"text-align: justify;\">El proceso es tanto un arte como una ciencia y los asistentes al festival pueden observar demostraciones e incluso participar en talleres para obtener una mayor apreciaci\u00f3n de este antiguo oficio.<\/p>\n<p style=\"text-align: justify;\"><strong>Watfeh Salloum\/fm<\/strong><\/p>\n<div id='gallery-1' class='gallery galleryid-330149 gallery-columns-1 gallery-size-full'><figure class='gallery-item'>\n\t\t\t<div class='gallery-icon landscape'>\n\t\t\t\t<a href='https:\/\/archive.sana.sy\/es\/wp-content\/uploads\/2024\/05\/172f9f3a-75f9-40db-b340-ad3b78cc950d.jpg'><img loading=\"lazy\" decoding=\"async\" width=\"1080\" height=\"498\" src=\"https:\/\/archive.sana.sy\/es\/wp-content\/uploads\/2024\/05\/172f9f3a-75f9-40db-b340-ad3b78cc950d.jpg\" class=\"attachment-full size-full\" alt=\"\" srcset=\"https:\/\/archive.sana.sy\/es\/wp-content\/uploads\/2024\/05\/172f9f3a-75f9-40db-b340-ad3b78cc950d.jpg 1080w, https:\/\/archive.sana.sy\/es\/wp-content\/uploads\/2024\/05\/172f9f3a-75f9-40db-b340-ad3b78cc950d-300x138.jpg 300w, https:\/\/archive.sana.sy\/es\/wp-content\/uploads\/2024\/05\/172f9f3a-75f9-40db-b340-ad3b78cc950d-1024x472.jpg 1024w, https:\/\/archive.sana.sy\/es\/wp-content\/uploads\/2024\/05\/172f9f3a-75f9-40db-b340-ad3b78cc950d-150x69.jpg 150w, https:\/\/archive.sana.sy\/es\/wp-content\/uploads\/2024\/05\/172f9f3a-75f9-40db-b340-ad3b78cc950d-768x354.jpg 768w\" sizes=\"(max-width: 1080px) 100vw, 1080px\" \/><\/a>\n\t\t\t<\/div><\/figure><figure class='gallery-item'>\n\t\t\t<div class='gallery-icon landscape'>\n\t\t\t\t<a href='https:\/\/archive.sana.sy\/es\/wp-content\/uploads\/2024\/05\/81485ec5-55e9-4267-9021-9c54a8582bb9.jpg'><img loading=\"lazy\" decoding=\"async\" width=\"1080\" height=\"810\" src=\"https:\/\/archive.sana.sy\/es\/wp-content\/uploads\/2024\/05\/81485ec5-55e9-4267-9021-9c54a8582bb9.jpg\" class=\"attachment-full size-full\" alt=\"\" srcset=\"https:\/\/archive.sana.sy\/es\/wp-content\/uploads\/2024\/05\/81485ec5-55e9-4267-9021-9c54a8582bb9.jpg 1080w, https:\/\/archive.sana.sy\/es\/wp-content\/uploads\/2024\/05\/81485ec5-55e9-4267-9021-9c54a8582bb9-300x225.jpg 300w, https:\/\/archive.sana.sy\/es\/wp-content\/uploads\/2024\/05\/81485ec5-55e9-4267-9021-9c54a8582bb9-1024x768.jpg 1024w, https:\/\/archive.sana.sy\/es\/wp-content\/uploads\/2024\/05\/81485ec5-55e9-4267-9021-9c54a8582bb9-150x113.jpg 150w, https:\/\/archive.sana.sy\/es\/wp-content\/uploads\/2024\/05\/81485ec5-55e9-4267-9021-9c54a8582bb9-768x576.jpg 768w\" sizes=\"(max-width: 1080px) 100vw, 1080px\" \/><\/a>\n\t\t\t<\/div><\/figure><figure class='gallery-item'>\n\t\t\t<div class='gallery-icon landscape'>\n\t\t\t\t<a href='https:\/\/archive.sana.sy\/es\/wp-content\/uploads\/2024\/05\/b61b5674-39b6-4427-8296-f67d041b8334-1.jpg'><img loading=\"lazy\" decoding=\"async\" width=\"1080\" height=\"720\" src=\"https:\/\/archive.sana.sy\/es\/wp-content\/uploads\/2024\/05\/b61b5674-39b6-4427-8296-f67d041b8334-1.jpg\" class=\"attachment-full size-full\" alt=\"\" srcset=\"https:\/\/archive.sana.sy\/es\/wp-content\/uploads\/2024\/05\/b61b5674-39b6-4427-8296-f67d041b8334-1.jpg 1080w, https:\/\/archive.sana.sy\/es\/wp-content\/uploads\/2024\/05\/b61b5674-39b6-4427-8296-f67d041b8334-1-300x200.jpg 300w, https:\/\/archive.sana.sy\/es\/wp-content\/uploads\/2024\/05\/b61b5674-39b6-4427-8296-f67d041b8334-1-1024x683.jpg 1024w, https:\/\/archive.sana.sy\/es\/wp-content\/uploads\/2024\/05\/b61b5674-39b6-4427-8296-f67d041b8334-1-150x100.jpg 150w, https:\/\/archive.sana.sy\/es\/wp-content\/uploads\/2024\/05\/b61b5674-39b6-4427-8296-f67d041b8334-1-768x512.jpg 768w\" sizes=\"(max-width: 1080px) 100vw, 1080px\" \/><\/a>\n\t\t\t<\/div><\/figure>\n\t\t<\/div>\n\n","protected":false},"excerpt":{"rendered":"<p>Damasco , 26 may (SANA) \u00a0 Varias regiones de Siria se visten de rosa anunciando la llegada de la temporada de la Rosa de Damasco, la flor nacional de Siria y su embajadora de paz y amor al mundo . En mayo y junio florecen los campos de rosas damascenas, y las localidades famosas por &hellip;<\/p>\n","protected":false},"author":35,"featured_media":330150,"comment_status":"closed","ping_status":"closed","sticky":false,"template":"","format":"standard","meta":{"footnotes":""},"categories":[597,510,20724,16688,476,583,18781],"tags":[],"class_list":["post-330149","post","type-post","status-publish","format-standard","has-post-thumbnail","","category-cinta-de-noticias","category-arte-y-cultura","category-minuto-a-minuto","category-nacionales","category-locales","category-slide","category-vistazos-sobre-siria"],"_links":{"self":[{"href":"https:\/\/archive.sana.sy\/es\/index.php?rest_route=\/wp\/v2\/posts\/330149"}],"collection":[{"href":"https:\/\/archive.sana.sy\/es\/index.php?rest_route=\/wp\/v2\/posts"}],"about":[{"href":"https:\/\/archive.sana.sy\/es\/index.php?rest_route=\/wp\/v2\/types\/post"}],"author":[{"embeddable":true,"href":"https:\/\/archive.sana.sy\/es\/index.php?rest_route=\/wp\/v2\/users\/35"}],"replies":[{"embeddable":true,"href":"https:\/\/archive.sana.sy\/es\/index.php?rest_route=%2Fwp%2Fv2%2Fcomments&post=330149"}],"version-history":[{"count":2,"href":"https:\/\/archive.sana.sy\/es\/index.php?rest_route=\/wp\/v2\/posts\/330149\/revisions"}],"predecessor-version":[{"id":330158,"href":"https:\/\/archive.sana.sy\/es\/index.php?rest_route=\/wp\/v2\/posts\/330149\/revisions\/330158"}],"wp:featuredmedia":[{"embeddable":true,"href":"https:\/\/archive.sana.sy\/es\/index.php?rest_route=\/wp\/v2\/media\/330150"}],"wp:attachment":[{"href":"https:\/\/archive.sana.sy\/es\/index.php?rest_route=%2Fwp%2Fv2%2Fmedia&parent=330149"}],"wp:term":[{"taxonomy":"category","embeddable":true,"href":"https:\/\/archive.sana.sy\/es\/index.php?rest_route=%2Fwp%2Fv2%2Fcategories&post=330149"},{"taxonomy":"post_tag","embeddable":true,"href":"https:\/\/archive.sana.sy\/es\/index.php?rest_route=%2Fwp%2Fv2%2Ftags&post=330149"}],"curies":[{"name":"wp","href":"https:\/\/api.w.org\/{rel}","templated":true}]}}