{"id":330172,"date":"2024-05-26T17:30:57","date_gmt":"2024-05-26T14:30:57","guid":{"rendered":"https:\/\/sana.sy\/es\/?p=330172"},"modified":"2024-05-26T17:39:40","modified_gmt":"2024-05-26T14:39:40","slug":"conversaciones-sirio-sudaneses-para-impulsar-la-cooperacion-en-el-ambito-agricola-y-reactivar-los-acuerdos-firmados","status":"publish","type":"post","link":"https:\/\/archive.sana.sy\/es\/?p=330172","title":{"rendered":"Conversaciones sirio-sudaneses para impulsar la cooperaci\u00f3n en el \u00e1mbito agr\u00edcola y reactivar los acuerdos firmados"},"content":{"rendered":"<p style=\"text-align: justify;\"><span style=\"color: #800000;\"><strong>Damasco, 26 may (SANA)\u00a0<\/strong> <\/span>El ministro sirio de Agricultura y Reforma Agraria, Mohamed Hassan Qatna, repas\u00f3 hoy con el encargado de negocios interino de la Embajada de la Rep\u00fablica de Sud\u00e1n en Siria, Ahmed Ibrahim Al-Hassan, las relaciones de cooperaci\u00f3n en el \u00e1mbito agr\u00edcola, los mecanismos para intercambiar productos, y reactivar los acuerdos bilaterales.<\/p>\n<p style=\"text-align: justify;\">Durante un encuentro sostenido en la sede del Ministerio en Damasco, el ministro Qatana destac\u00f3 la fortaleza de las relaciones entre Siria y Sud\u00e1n y la importancia de desarrollarlas en todos los campos, especialmente en el agr\u00edcola.<\/p>\n<p style=\"text-align: justify;\">Consider\u00f3 que la agricultura es el n\u00facleo de la producci\u00f3n y la base para alcanzar la seguridad alimentaria, y llam\u00f3 a reactivar los acuerdos firmados y actualizarlos, adem\u00e1s de intercambiar productos agr\u00edcolas, tanto vegetales como animales y conocimientos y experiencia en el campo de la investigaci\u00f3n cient\u00edfica, y superar todas las dificultades.<\/p>\n<p style=\"text-align: justify;\">El Titular destac\u00f3 la importancia de llegar a una agricultura econ\u00f3mica que logre un desarrollo sostenible.<\/p>\n<p style=\"text-align: justify;\">Por su parte, el diplom\u00e1tico sudan\u00e9s afirm\u00f3 que su pa\u00eds es agr\u00edcola por excelencia y posee grandes \u00e1reas aptas para una agricultura diversa, adem\u00e1s de la diversidad de la ganader\u00eda.<\/p>\n<p style=\"text-align: justify;\">Se\u00f1al\u00f3 la importancia de fortalecer la cooperaci\u00f3n entre los dos pa\u00edses e intercambiar productos y examinar los acuerdos firmados y desarrollarlos de manera que sirvan a los intereses de los dos pa\u00edses.<\/p>\n<p style=\"text-align: justify;\">fm<\/p>\n","protected":false},"excerpt":{"rendered":"<p>Damasco, 26 may (SANA)\u00a0 El ministro sirio de Agricultura y Reforma Agraria, Mohamed Hassan Qatna, repas\u00f3 hoy con el encargado de negocios interino de la Embajada de la Rep\u00fablica de Sud\u00e1n en Siria, Ahmed Ibrahim Al-Hassan, las relaciones de cooperaci\u00f3n en el \u00e1mbito agr\u00edcola, los mecanismos para intercambiar productos, y reactivar los acuerdos bilaterales. Durante &hellip;<\/p>\n","protected":false},"author":34,"featured_media":330173,"comment_status":"closed","ping_status":"closed","sticky":false,"template":"","format":"standard","meta":{"footnotes":""},"categories":[477,447,597,16686,20724,467,7541],"tags":[],"class_list":["post-330172","post","type-post","status-publish","format-standard","has-post-thumbnail","","category-noticias-edulcorantes","category-local-politica","category-cinta-de-noticias","category-economia","category-minuto-a-minuto","category-siria-y-el-mundo","category-ultimas-noticias"],"_links":{"self":[{"href":"https:\/\/archive.sana.sy\/es\/index.php?rest_route=\/wp\/v2\/posts\/330172"}],"collection":[{"href":"https:\/\/archive.sana.sy\/es\/index.php?rest_route=\/wp\/v2\/posts"}],"about":[{"href":"https:\/\/archive.sana.sy\/es\/index.php?rest_route=\/wp\/v2\/types\/post"}],"author":[{"embeddable":true,"href":"https:\/\/archive.sana.sy\/es\/index.php?rest_route=\/wp\/v2\/users\/34"}],"replies":[{"embeddable":true,"href":"https:\/\/archive.sana.sy\/es\/index.php?rest_route=%2Fwp%2Fv2%2Fcomments&post=330172"}],"version-history":[{"count":1,"href":"https:\/\/archive.sana.sy\/es\/index.php?rest_route=\/wp\/v2\/posts\/330172\/revisions"}],"predecessor-version":[{"id":330174,"href":"https:\/\/archive.sana.sy\/es\/index.php?rest_route=\/wp\/v2\/posts\/330172\/revisions\/330174"}],"wp:featuredmedia":[{"embeddable":true,"href":"https:\/\/archive.sana.sy\/es\/index.php?rest_route=\/wp\/v2\/media\/330173"}],"wp:attachment":[{"href":"https:\/\/archive.sana.sy\/es\/index.php?rest_route=%2Fwp%2Fv2%2Fmedia&parent=330172"}],"wp:term":[{"taxonomy":"category","embeddable":true,"href":"https:\/\/archive.sana.sy\/es\/index.php?rest_route=%2Fwp%2Fv2%2Fcategories&post=330172"},{"taxonomy":"post_tag","embeddable":true,"href":"https:\/\/archive.sana.sy\/es\/index.php?rest_route=%2Fwp%2Fv2%2Ftags&post=330172"}],"curies":[{"name":"wp","href":"https:\/\/api.w.org\/{rel}","templated":true}]}}