{"id":330177,"date":"2024-05-26T17:25:20","date_gmt":"2024-05-26T14:25:20","guid":{"rendered":"https:\/\/sana.sy\/es\/?p=330177"},"modified":"2024-05-26T17:25:20","modified_gmt":"2024-05-26T14:25:20","slug":"lavrov-occidente-no-podra-pasar-el-limite-con-rusia","status":"publish","type":"post","link":"https:\/\/archive.sana.sy\/es\/?p=330177","title":{"rendered":"Lavrov: Occidente no podr\u00e1 pasar el l\u00edmite con Rusia"},"content":{"rendered":"<p style=\"text-align: justify;\"><span style=\"color: #800000;\"><strong>Mosc\u00fa, 26 may (SANA)<\/strong> <\/span>El ministro de Asuntos Exteriores ruso, Sergu\u00e9i Lavrov, dijo hoy que los pa\u00edses occidentales no podr\u00e1n pasar inadvertidamente el l\u00edmite en las relaciones con Rusia.<\/p>\n<p style=\"text-align: justify;\">En una entrevista concedida al canal ruso Mosc\u00fa consider\u00f3 que Occidente est\u00e1 hablando seriamente de desmembrar a Rusia para contenerla e impedir su fortalecimiento, lo que constituye su objetivo estrat\u00e9gico.<\/p>\n<p style=\"text-align: justify;\">&#8220;Estos dichos reflejan, en cierto sentido, desesperaci\u00f3n y son la constataci\u00f3n de que no lograr\u00e1n su objetivo por los medios ordinarios y honestos que se aplican en el derecho internacional incluso durante las hostilidades&#8221;, aclar\u00f3 el alto funcionario.<\/p>\n<p style=\"text-align: justify;\">Lavrov se\u00f1al\u00f3 que &#8220;como siempre pasa cuando despiertan al oso ruso, el pueblo se uni\u00f3 como nunca antes.<\/p>\n<p style=\"text-align: justify;\">fm<\/p>\n","protected":false},"excerpt":{"rendered":"<p>Mosc\u00fa, 26 may (SANA) El ministro de Asuntos Exteriores ruso, Sergu\u00e9i Lavrov, dijo hoy que los pa\u00edses occidentales no podr\u00e1n pasar inadvertidamente el l\u00edmite en las relaciones con Rusia. En una entrevista concedida al canal ruso Mosc\u00fa consider\u00f3 que Occidente est\u00e1 hablando seriamente de desmembrar a Rusia para contenerla e impedir su fortalecimiento, lo que &hellip;<\/p>\n","protected":false},"author":34,"featured_media":330178,"comment_status":"closed","ping_status":"closed","sticky":false,"template":"","format":"standard","meta":{"footnotes":""},"categories":[597,456,20724,7541],"tags":[],"class_list":["post-330177","post","type-post","status-publish","format-standard","has-post-thumbnail","","category-cinta-de-noticias","category-arabe-internacional-politica","category-minuto-a-minuto","category-ultimas-noticias"],"_links":{"self":[{"href":"https:\/\/archive.sana.sy\/es\/index.php?rest_route=\/wp\/v2\/posts\/330177"}],"collection":[{"href":"https:\/\/archive.sana.sy\/es\/index.php?rest_route=\/wp\/v2\/posts"}],"about":[{"href":"https:\/\/archive.sana.sy\/es\/index.php?rest_route=\/wp\/v2\/types\/post"}],"author":[{"embeddable":true,"href":"https:\/\/archive.sana.sy\/es\/index.php?rest_route=\/wp\/v2\/users\/34"}],"replies":[{"embeddable":true,"href":"https:\/\/archive.sana.sy\/es\/index.php?rest_route=%2Fwp%2Fv2%2Fcomments&post=330177"}],"version-history":[{"count":1,"href":"https:\/\/archive.sana.sy\/es\/index.php?rest_route=\/wp\/v2\/posts\/330177\/revisions"}],"predecessor-version":[{"id":330179,"href":"https:\/\/archive.sana.sy\/es\/index.php?rest_route=\/wp\/v2\/posts\/330177\/revisions\/330179"}],"wp:featuredmedia":[{"embeddable":true,"href":"https:\/\/archive.sana.sy\/es\/index.php?rest_route=\/wp\/v2\/media\/330178"}],"wp:attachment":[{"href":"https:\/\/archive.sana.sy\/es\/index.php?rest_route=%2Fwp%2Fv2%2Fmedia&parent=330177"}],"wp:term":[{"taxonomy":"category","embeddable":true,"href":"https:\/\/archive.sana.sy\/es\/index.php?rest_route=%2Fwp%2Fv2%2Fcategories&post=330177"},{"taxonomy":"post_tag","embeddable":true,"href":"https:\/\/archive.sana.sy\/es\/index.php?rest_route=%2Fwp%2Fv2%2Ftags&post=330177"}],"curies":[{"name":"wp","href":"https:\/\/api.w.org\/{rel}","templated":true}]}}