{"id":330205,"date":"2024-05-27T09:21:58","date_gmt":"2024-05-27T06:21:58","guid":{"rendered":"https:\/\/sana.sy\/es\/?p=330205"},"modified":"2024-05-27T17:48:25","modified_gmt":"2024-05-27T14:48:25","slug":"40-martires-en-nueva-masacre-cometida-por-el-ocupante-israeli-en-rafa","status":"publish","type":"post","link":"https:\/\/archive.sana.sy\/es\/?p=330205","title":{"rendered":"40 m\u00e1rtires en nueva masacre cometida por el ocupante israel\u00ed en Raf\u00e1"},"content":{"rendered":"<p style=\"text-align: justify;\"><span style=\"color: #800000;\"><strong>Jerusal\u00e9n ocupada, 27 may (SANA)\u00a0 <\/strong><\/span>El ocupante israel\u00ed cometi\u00f3 un nuevo crimen de guerra y genocidio cuando sus aviones bombardearon campos de desplazados con bombas estadounidenses en una zona que supuestamente est\u00e1 entre lo que llama \u201czonas seguras\u201d.<\/p>\n<p style=\"text-align: justify;\"><img loading=\"lazy\" decoding=\"async\" class=\"size-medium wp-image-330207 alignright\" src=\"http:\/\/sana.sy\/es\/wp-content\/uploads\/2024\/05\/3-70-300x232.jpg\" alt=\"\" width=\"300\" height=\"232\" srcset=\"https:\/\/archive.sana.sy\/es\/wp-content\/uploads\/2024\/05\/3-70-300x232.jpg 300w, https:\/\/archive.sana.sy\/es\/wp-content\/uploads\/2024\/05\/3-70-150x116.jpg 150w, https:\/\/archive.sana.sy\/es\/wp-content\/uploads\/2024\/05\/3-70.jpg 660w\" sizes=\"(max-width: 300px) 100vw, 300px\" \/><\/p>\n<p style=\"text-align: justify;\">La zona blanco del bombardeo est\u00e1 repleta de tiendas de campa\u00f1a que albergan a cientos de miles de personas desplazadas.<\/p>\n<p style=\"text-align: justify;\">El saldo inicial de la masacre es m\u00e1s de 40 muertos, la mayor\u00eda eran mujeres y ni\u00f1os, mientras decenas m\u00e1s resultaron heridos, y se quemaron las tiendas de campa\u00f1a.<\/p>\n<p style=\"text-align: justify;\">El Ministerio de Salud palestino inform\u00f3 que los equipos m\u00e9dicos no pueden transportar a los m\u00e1rtires y heridos por la falta de un hospital en la ciudad de Raf\u00e1 que pueda dar cabida a este gran n\u00famero.<\/p>\n<p style=\"text-align: justify;\">A su vez, la Oficina de Prensa en Gaza anunci\u00f3 que las fuerzas sionistas bombardearon durante las \u00faltimas horas m\u00e1s de 10 centros de desplazamiento de la UNRWA, que se supone que es una zona segura.<\/p>\n<p style=\"text-align: justify;\">La Oficina exigi\u00f3 a la Corte Internacional de Justicia y a las organizaciones de derechos humanos que persigan a los criminales de guerra israel\u00edes.<\/p>\n<p style=\"text-align: justify;\">Tambi\u00e9n pidi\u00f3 la apertura del cruce de Raf\u00e1 para ayudar a atender a los heridos.<\/p>\n<div id='gallery-1' class='gallery galleryid-330205 gallery-columns-1 gallery-size-full'><figure class='gallery-item'>\n\t\t\t<div class='gallery-icon landscape'>\n\t\t\t\t<a href='https:\/\/archive.sana.sy\/es\/wp-content\/uploads\/2024\/05\/vzd.jpg'><img loading=\"lazy\" decoding=\"async\" width=\"660\" height=\"370\" src=\"https:\/\/archive.sana.sy\/es\/wp-content\/uploads\/2024\/05\/vzd.jpg\" class=\"attachment-full size-full\" alt=\"\" srcset=\"https:\/\/archive.sana.sy\/es\/wp-content\/uploads\/2024\/05\/vzd.jpg 660w, https:\/\/archive.sana.sy\/es\/wp-content\/uploads\/2024\/05\/vzd-300x168.jpg 300w, https:\/\/archive.sana.sy\/es\/wp-content\/uploads\/2024\/05\/vzd-150x84.jpg 150w\" sizes=\"(max-width: 660px) 100vw, 660px\" \/><\/a>\n\t\t\t<\/div><\/figure><figure class='gallery-item'>\n\t\t\t<div class='gallery-icon landscape'>\n\t\t\t\t<a href='https:\/\/archive.sana.sy\/es\/wp-content\/uploads\/2024\/05\/2-49.jpg'><img loading=\"lazy\" decoding=\"async\" width=\"660\" height=\"508\" src=\"https:\/\/archive.sana.sy\/es\/wp-content\/uploads\/2024\/05\/2-49.jpg\" class=\"attachment-full size-full\" alt=\"\" srcset=\"https:\/\/archive.sana.sy\/es\/wp-content\/uploads\/2024\/05\/2-49.jpg 660w, https:\/\/archive.sana.sy\/es\/wp-content\/uploads\/2024\/05\/2-49-300x231.jpg 300w, https:\/\/archive.sana.sy\/es\/wp-content\/uploads\/2024\/05\/2-49-150x115.jpg 150w\" sizes=\"(max-width: 660px) 100vw, 660px\" \/><\/a>\n\t\t\t<\/div><\/figure><figure class='gallery-item'>\n\t\t\t<div class='gallery-icon landscape'>\n\t\t\t\t<a href='https:\/\/archive.sana.sy\/es\/wp-content\/uploads\/2024\/05\/3-70-1.jpg'><img loading=\"lazy\" decoding=\"async\" width=\"660\" height=\"510\" src=\"https:\/\/archive.sana.sy\/es\/wp-content\/uploads\/2024\/05\/3-70-1.jpg\" class=\"attachment-full size-full\" alt=\"\" srcset=\"https:\/\/archive.sana.sy\/es\/wp-content\/uploads\/2024\/05\/3-70-1.jpg 660w, https:\/\/archive.sana.sy\/es\/wp-content\/uploads\/2024\/05\/3-70-1-300x232.jpg 300w, https:\/\/archive.sana.sy\/es\/wp-content\/uploads\/2024\/05\/3-70-1-150x116.jpg 150w\" sizes=\"(max-width: 660px) 100vw, 660px\" \/><\/a>\n\t\t\t<\/div><\/figure>\n\t\t<\/div>\n\n<p style=\"text-align: justify;\"><strong>fm\/ws<\/strong><\/p>\n","protected":false},"excerpt":{"rendered":"<p>Jerusal\u00e9n ocupada, 27 may (SANA)\u00a0 El ocupante israel\u00ed cometi\u00f3 un nuevo crimen de guerra y genocidio cuando sus aviones bombardearon campos de desplazados con bombas estadounidenses en una zona que supuestamente est\u00e1 entre lo que llama \u201czonas seguras\u201d. La zona blanco del bombardeo est\u00e1 repleta de tiendas de campa\u00f1a que albergan a cientos de miles &hellip;<\/p>\n","protected":false},"author":35,"featured_media":330206,"comment_status":"closed","ping_status":"closed","sticky":false,"template":"","format":"standard","meta":{"footnotes":""},"categories":[597,456,16687,20724,7541],"tags":[],"class_list":["post-330205","post","type-post","status-publish","format-standard","has-post-thumbnail","","category-cinta-de-noticias","category-arabe-internacional-politica","category-internacionales","category-minuto-a-minuto","category-ultimas-noticias"],"_links":{"self":[{"href":"https:\/\/archive.sana.sy\/es\/index.php?rest_route=\/wp\/v2\/posts\/330205"}],"collection":[{"href":"https:\/\/archive.sana.sy\/es\/index.php?rest_route=\/wp\/v2\/posts"}],"about":[{"href":"https:\/\/archive.sana.sy\/es\/index.php?rest_route=\/wp\/v2\/types\/post"}],"author":[{"embeddable":true,"href":"https:\/\/archive.sana.sy\/es\/index.php?rest_route=\/wp\/v2\/users\/35"}],"replies":[{"embeddable":true,"href":"https:\/\/archive.sana.sy\/es\/index.php?rest_route=%2Fwp%2Fv2%2Fcomments&post=330205"}],"version-history":[{"count":3,"href":"https:\/\/archive.sana.sy\/es\/index.php?rest_route=\/wp\/v2\/posts\/330205\/revisions"}],"predecessor-version":[{"id":330267,"href":"https:\/\/archive.sana.sy\/es\/index.php?rest_route=\/wp\/v2\/posts\/330205\/revisions\/330267"}],"wp:featuredmedia":[{"embeddable":true,"href":"https:\/\/archive.sana.sy\/es\/index.php?rest_route=\/wp\/v2\/media\/330206"}],"wp:attachment":[{"href":"https:\/\/archive.sana.sy\/es\/index.php?rest_route=%2Fwp%2Fv2%2Fmedia&parent=330205"}],"wp:term":[{"taxonomy":"category","embeddable":true,"href":"https:\/\/archive.sana.sy\/es\/index.php?rest_route=%2Fwp%2Fv2%2Fcategories&post=330205"},{"taxonomy":"post_tag","embeddable":true,"href":"https:\/\/archive.sana.sy\/es\/index.php?rest_route=%2Fwp%2Fv2%2Ftags&post=330205"}],"curies":[{"name":"wp","href":"https:\/\/api.w.org\/{rel}","templated":true}]}}