{"id":330237,"date":"2024-05-27T15:43:57","date_gmt":"2024-05-27T12:43:57","guid":{"rendered":"https:\/\/sana.sy\/es\/?p=330237"},"modified":"2024-05-27T15:43:57","modified_gmt":"2024-05-27T12:43:57","slug":"borrel-exige-implementacion-de-la-resolucion-de-cij-para-frenar-la-agresion-israeli-contra-rafa","status":"publish","type":"post","link":"https:\/\/archive.sana.sy\/es\/?p=330237","title":{"rendered":"Borrel exige implementaci\u00f3n de la resoluci\u00f3n de CIJ para frenar la agresi\u00f3n israel\u00ed contra Raf\u00e1"},"content":{"rendered":"<p style=\"text-align: justify;\"><span style=\"color: #800000;\"><strong>Bruselas, 27 may (SANA)\u00a0<\/strong><\/span> \u00a0El alto comisario de la Uni\u00f3n Europea, Josep Borrel, pidi\u00f3 la implementaci\u00f3n de la resoluci\u00f3n de la Corte Internacional de Justicia (CIJ) de detener la agresi\u00f3n israel\u00ed contra la ciudad de Raf\u00e1, en el sur de la Franja de Gaza.<\/p>\n<p style=\"text-align: justify;\">\u201cEl asesinato de m\u00e1s de 30 desplazados en Raf\u00e1 nos lleva a exigir la necesidad de implementar la resoluci\u00f3n de la CIJ\u201d, declar\u00f3 Borrel citado por la agencia de noticias WAFA.<\/p>\n<p style=\"text-align: justify;\">Se\u00f1al\u00f3 que los ministros de Asuntos Exteriores de los pa\u00edses de la Uni\u00f3n Europea discutir\u00e1n las v\u00edas de c\u00f3mo implementar la referida resoluci\u00f3n.<\/p>\n<p style=\"text-align: justify;\">El alto funcionario europeo pidi\u00f3 a las autoridades de ocupaci\u00f3n israel\u00edes respetar las decisiones de la CIJ, y consider\u00f3 que las sentencias judiciales son importantes para lograr justicia en las Naciones Unidas.<\/p>\n<p style=\"text-align: justify;\">La Corte Internacional de Justicia orden\u00f3 al ocupante israel\u00ed que detuviera inmediatamente su agresi\u00f3n contra Raf\u00e1 y as\u00ed permitir la entrada de ayuda humanitaria a la Franja de Gaza.<\/p>\n<p>ma\/fm<\/p>\n","protected":false},"excerpt":{"rendered":"<p>Bruselas, 27 may (SANA)\u00a0 \u00a0El alto comisario de la Uni\u00f3n Europea, Josep Borrel, pidi\u00f3 la implementaci\u00f3n de la resoluci\u00f3n de la Corte Internacional de Justicia (CIJ) de detener la agresi\u00f3n israel\u00ed contra la ciudad de Raf\u00e1, en el sur de la Franja de Gaza. \u201cEl asesinato de m\u00e1s de 30 desplazados en Raf\u00e1 nos lleva &hellip;<\/p>\n","protected":false},"author":32,"featured_media":330238,"comment_status":"closed","ping_status":"closed","sticky":false,"template":"","format":"standard","meta":{"footnotes":""},"categories":[597,456,20724,7541],"tags":[],"class_list":["post-330237","post","type-post","status-publish","format-standard","has-post-thumbnail","","category-cinta-de-noticias","category-arabe-internacional-politica","category-minuto-a-minuto","category-ultimas-noticias"],"_links":{"self":[{"href":"https:\/\/archive.sana.sy\/es\/index.php?rest_route=\/wp\/v2\/posts\/330237"}],"collection":[{"href":"https:\/\/archive.sana.sy\/es\/index.php?rest_route=\/wp\/v2\/posts"}],"about":[{"href":"https:\/\/archive.sana.sy\/es\/index.php?rest_route=\/wp\/v2\/types\/post"}],"author":[{"embeddable":true,"href":"https:\/\/archive.sana.sy\/es\/index.php?rest_route=\/wp\/v2\/users\/32"}],"replies":[{"embeddable":true,"href":"https:\/\/archive.sana.sy\/es\/index.php?rest_route=%2Fwp%2Fv2%2Fcomments&post=330237"}],"version-history":[{"count":1,"href":"https:\/\/archive.sana.sy\/es\/index.php?rest_route=\/wp\/v2\/posts\/330237\/revisions"}],"predecessor-version":[{"id":330239,"href":"https:\/\/archive.sana.sy\/es\/index.php?rest_route=\/wp\/v2\/posts\/330237\/revisions\/330239"}],"wp:featuredmedia":[{"embeddable":true,"href":"https:\/\/archive.sana.sy\/es\/index.php?rest_route=\/wp\/v2\/media\/330238"}],"wp:attachment":[{"href":"https:\/\/archive.sana.sy\/es\/index.php?rest_route=%2Fwp%2Fv2%2Fmedia&parent=330237"}],"wp:term":[{"taxonomy":"category","embeddable":true,"href":"https:\/\/archive.sana.sy\/es\/index.php?rest_route=%2Fwp%2Fv2%2Fcategories&post=330237"},{"taxonomy":"post_tag","embeddable":true,"href":"https:\/\/archive.sana.sy\/es\/index.php?rest_route=%2Fwp%2Fv2%2Ftags&post=330237"}],"curies":[{"name":"wp","href":"https:\/\/api.w.org\/{rel}","templated":true}]}}