{"id":330258,"date":"2024-05-27T09:21:05","date_gmt":"2024-05-27T06:21:05","guid":{"rendered":"https:\/\/sana.sy\/es\/?p=330258"},"modified":"2024-05-27T17:48:22","modified_gmt":"2024-05-27T14:48:22","slug":"mas-de-300-victimas-palestinas-por-agresiones-israelies-durante-las-ultimas-24-horas","status":"publish","type":"post","link":"https:\/\/archive.sana.sy\/es\/?p=330258","title":{"rendered":"M\u00e1s de 300 v\u00edctimas palestinas por agresiones israel\u00edes durante las \u00faltimas 24 horas"},"content":{"rendered":"<p style=\"text-align: justify;\"><span style=\"color: #800000;\"><strong>Jerusal\u00e9n ocupada, 27 may (SANA)<\/strong><\/span>\u00a0 El Ministerio de Salud palestino anunci\u00f3 hoy que el ocupante israel\u00ed cometi\u00f3 7 masacres durante las \u00faltimas 24 horas en la Franja de Gaza, matando a 66 palestinos e hiriendo a otros 383.<\/p>\n<p style=\"text-align: justify;\">En un comunicado, el ente de salud explic\u00f3 que el n\u00famero de v\u00edctimas de la masacre cometida por el ocupante en la ciudad de Raf\u00e1, al sur de Gaza, aument\u00f3 a 45 muertos y 249 heridos.<\/p>\n<p style=\"text-align: justify;\">Por otro lado, precis\u00f3 que el n\u00famero total de v\u00edctimas durante 234 d\u00edas de agresi\u00f3n en Gaza ascendi\u00f3 a 36 mil 50 muertos y 81 mil 26 heridos.<\/p>\n<p style=\"text-align: justify;\">El Ministerio aclar\u00f3 que miles de v\u00edctimas todav\u00eda se encuentran bajo los escombros y en las carreteras, y los equipos de ambulancias y de defensa civil no pueden llegar a los mismos.<\/p>\n<p style=\"text-align: justify;\">fm\/rr<\/p>\n","protected":false},"excerpt":{"rendered":"<p>Jerusal\u00e9n ocupada, 27 may (SANA)\u00a0 El Ministerio de Salud palestino anunci\u00f3 hoy que el ocupante israel\u00ed cometi\u00f3 7 masacres durante las \u00faltimas 24 horas en la Franja de Gaza, matando a 66 palestinos e hiriendo a otros 383. En un comunicado, el ente de salud explic\u00f3 que el n\u00famero de v\u00edctimas de la masacre cometida &hellip;<\/p>\n","protected":false},"author":31,"featured_media":330259,"comment_status":"closed","ping_status":"closed","sticky":false,"template":"","format":"standard","meta":{"footnotes":""},"categories":[597,456,16687,583],"tags":[12002,1494],"class_list":["post-330258","post","type-post","status-publish","format-standard","has-post-thumbnail","","category-cinta-de-noticias","category-arabe-internacional-politica","category-internacionales","category-slide","tag-gaza","tag-palestina"],"_links":{"self":[{"href":"https:\/\/archive.sana.sy\/es\/index.php?rest_route=\/wp\/v2\/posts\/330258"}],"collection":[{"href":"https:\/\/archive.sana.sy\/es\/index.php?rest_route=\/wp\/v2\/posts"}],"about":[{"href":"https:\/\/archive.sana.sy\/es\/index.php?rest_route=\/wp\/v2\/types\/post"}],"author":[{"embeddable":true,"href":"https:\/\/archive.sana.sy\/es\/index.php?rest_route=\/wp\/v2\/users\/31"}],"replies":[{"embeddable":true,"href":"https:\/\/archive.sana.sy\/es\/index.php?rest_route=%2Fwp%2Fv2%2Fcomments&post=330258"}],"version-history":[{"count":1,"href":"https:\/\/archive.sana.sy\/es\/index.php?rest_route=\/wp\/v2\/posts\/330258\/revisions"}],"predecessor-version":[{"id":330260,"href":"https:\/\/archive.sana.sy\/es\/index.php?rest_route=\/wp\/v2\/posts\/330258\/revisions\/330260"}],"wp:featuredmedia":[{"embeddable":true,"href":"https:\/\/archive.sana.sy\/es\/index.php?rest_route=\/wp\/v2\/media\/330259"}],"wp:attachment":[{"href":"https:\/\/archive.sana.sy\/es\/index.php?rest_route=%2Fwp%2Fv2%2Fmedia&parent=330258"}],"wp:term":[{"taxonomy":"category","embeddable":true,"href":"https:\/\/archive.sana.sy\/es\/index.php?rest_route=%2Fwp%2Fv2%2Fcategories&post=330258"},{"taxonomy":"post_tag","embeddable":true,"href":"https:\/\/archive.sana.sy\/es\/index.php?rest_route=%2Fwp%2Fv2%2Ftags&post=330258"}],"curies":[{"name":"wp","href":"https:\/\/api.w.org\/{rel}","templated":true}]}}