{"id":330296,"date":"2024-05-27T16:16:46","date_gmt":"2024-05-27T13:16:46","guid":{"rendered":"https:\/\/sana.sy\/es\/?p=330296"},"modified":"2024-05-28T11:55:14","modified_gmt":"2024-05-28T08:55:14","slug":"la-77a-sesion-de-la-asamblea-mundial-de-la-salud-inicia-en-ginebra-con-la-participacion-de-siria-2","status":"publish","type":"post","link":"https:\/\/archive.sana.sy\/es\/?p=330296","title":{"rendered":"La 77\u00aa sesi\u00f3n de la Asamblea Mundial de la Salud inicia en Ginebra con la participaci\u00f3n de Siria"},"content":{"rendered":"<p style=\"text-align: justify;\"><span style=\"color: #800000;\"><strong>Ginebra, 27 may (SANA)\u00a0<\/strong> <\/span>Con la participaci\u00f3n de Siria, inici\u00f3 hoy en Ginebra la 77\u00aa sesi\u00f3n de la Asamblea Mundial de la Salud, que se prolongar\u00e1 hasta el 1 de junio, bajo el t\u00edtulo \u201cTodos por la Salud, y Salud para Todos\u201d.<\/p>\n<p style=\"text-align: justify;\">La agenda incluye temas relacionados con el trabajo de la Organizaci\u00f3n Mundial de la Salud (OMS), preparaci\u00f3n y respuesta a situaci\u00f3n de emergencia sanitaria en el mundo, revisi\u00f3n y actualizaci\u00f3n de la Iniciativa de Paz Global, el polio y su erradicaci\u00f3n, y la tuberculosis y viruela.<\/p>\n<p style=\"text-align: justify;\">La delegaci\u00f3n siria incluye al ministro de Salud, Hassan Al-Ghobash, el representante permanente de Siria ante la Oficina de las Naciones Unidas y otras organizaciones internacionales en Ginebra, Haider Ali Ahmed, y el ministro consejero de la Misi\u00f3n Permanente de Siria ante la Naciones Unidas en Ginebra, Reem Jabr.<\/p>\n<p style=\"text-align: justify;\">Cabe destacar que la Asamblea Mundial de la Salud es el \u00f3rgano de toma de decisiones de la OMS, y en sus trabajos participan delegaciones de todos sus estados miembros, y su agenda, elaborada por el Consejo Ejecutivo, se centra en temas espec\u00edficos en el campo de la salud.<\/p>\n<p style=\"text-align: justify;\">fm\/ed<\/p>\n","protected":false},"excerpt":{"rendered":"<p>Ginebra, 27 may (SANA)\u00a0 Con la participaci\u00f3n de Siria, inici\u00f3 hoy en Ginebra la 77\u00aa sesi\u00f3n de la Asamblea Mundial de la Salud, que se prolongar\u00e1 hasta el 1 de junio, bajo el t\u00edtulo \u201cTodos por la Salud, y Salud para Todos\u201d. La agenda incluye temas relacionados con el trabajo de la Organizaci\u00f3n Mundial de &hellip;<\/p>\n","protected":false},"author":32,"featured_media":330250,"comment_status":"closed","ping_status":"closed","sticky":false,"template":"","format":"standard","meta":{"footnotes":""},"categories":[597,20724,467,583],"tags":[],"class_list":["post-330296","post","type-post","status-publish","format-standard","has-post-thumbnail","","category-cinta-de-noticias","category-minuto-a-minuto","category-siria-y-el-mundo","category-slide"],"_links":{"self":[{"href":"https:\/\/archive.sana.sy\/es\/index.php?rest_route=\/wp\/v2\/posts\/330296"}],"collection":[{"href":"https:\/\/archive.sana.sy\/es\/index.php?rest_route=\/wp\/v2\/posts"}],"about":[{"href":"https:\/\/archive.sana.sy\/es\/index.php?rest_route=\/wp\/v2\/types\/post"}],"author":[{"embeddable":true,"href":"https:\/\/archive.sana.sy\/es\/index.php?rest_route=\/wp\/v2\/users\/32"}],"replies":[{"embeddable":true,"href":"https:\/\/archive.sana.sy\/es\/index.php?rest_route=%2Fwp%2Fv2%2Fcomments&post=330296"}],"version-history":[{"count":1,"href":"https:\/\/archive.sana.sy\/es\/index.php?rest_route=\/wp\/v2\/posts\/330296\/revisions"}],"predecessor-version":[{"id":330299,"href":"https:\/\/archive.sana.sy\/es\/index.php?rest_route=\/wp\/v2\/posts\/330296\/revisions\/330299"}],"wp:featuredmedia":[{"embeddable":true,"href":"https:\/\/archive.sana.sy\/es\/index.php?rest_route=\/wp\/v2\/media\/330250"}],"wp:attachment":[{"href":"https:\/\/archive.sana.sy\/es\/index.php?rest_route=%2Fwp%2Fv2%2Fmedia&parent=330296"}],"wp:term":[{"taxonomy":"category","embeddable":true,"href":"https:\/\/archive.sana.sy\/es\/index.php?rest_route=%2Fwp%2Fv2%2Fcategories&post=330296"},{"taxonomy":"post_tag","embeddable":true,"href":"https:\/\/archive.sana.sy\/es\/index.php?rest_route=%2Fwp%2Fv2%2Ftags&post=330296"}],"curies":[{"name":"wp","href":"https:\/\/api.w.org\/{rel}","templated":true}]}}