{"id":330310,"date":"2024-05-28T17:30:28","date_gmt":"2024-05-28T14:30:28","guid":{"rendered":"https:\/\/sana.sy\/es\/?p=330310"},"modified":"2024-05-28T17:45:45","modified_gmt":"2024-05-28T14:45:45","slug":"incautan-armas-y-municiones-de-grupos-terroristas-en-el-sur-de-siria","status":"publish","type":"post","link":"https:\/\/archive.sana.sy\/es\/?p=330310","title":{"rendered":"Incautan armas y municiones de grupos terroristas en el sur de Siria"},"content":{"rendered":"<p style=\"text-align: justify\"><span style=\"color: #800000\"><strong>Deraa, 28 may (SANA)<\/strong> <\/span>Las Fuerzas Armadas de Siria anunciaron hoy la incautaci\u00f3n de enormes cantidades de armas y municiones de los grupos terroristas.<\/p>\n<p style=\"text-align: justify\">El pertrecho b\u00e9lico fue confiscado en dos grandes dep\u00f3sitos ubicados en los l\u00edmites provinciales de Deraa con Quneitra y Sweida.<\/p>\n<p style=\"text-align: justify\">Entre el armamento confiscado se destacan: decenas de fusiles autom\u00e1ticos, lanzadores RPG, ametralladoras pesadas, misiles antiblindados, cajas de municiones, minas antitanques, adem\u00e1s de aparatos de telecomunicaci\u00f3n.<\/p>\n<div id='gallery-1' class='gallery galleryid-330310 gallery-columns-1 gallery-size-full'><figure class='gallery-item'>\n\t\t\t<div class='gallery-icon landscape'>\n\t\t\t\t<a href='https:\/\/archive.sana.sy\/es\/wp-content\/uploads\/2024\/05\/armas-Deraa-2.jpg'><img loading=\"lazy\" decoding=\"async\" width=\"1099\" height=\"720\" src=\"https:\/\/archive.sana.sy\/es\/wp-content\/uploads\/2024\/05\/armas-Deraa-2.jpg\" class=\"attachment-full size-full\" alt=\"\" srcset=\"https:\/\/archive.sana.sy\/es\/wp-content\/uploads\/2024\/05\/armas-Deraa-2.jpg 1099w, https:\/\/archive.sana.sy\/es\/wp-content\/uploads\/2024\/05\/armas-Deraa-2-300x197.jpg 300w, https:\/\/archive.sana.sy\/es\/wp-content\/uploads\/2024\/05\/armas-Deraa-2-1024x671.jpg 1024w, https:\/\/archive.sana.sy\/es\/wp-content\/uploads\/2024\/05\/armas-Deraa-2-150x98.jpg 150w, https:\/\/archive.sana.sy\/es\/wp-content\/uploads\/2024\/05\/armas-Deraa-2-768x503.jpg 768w\" sizes=\"(max-width: 1099px) 100vw, 1099px\" \/><\/a>\n\t\t\t<\/div><\/figure><figure class='gallery-item'>\n\t\t\t<div class='gallery-icon landscape'>\n\t\t\t\t<a href='https:\/\/archive.sana.sy\/es\/wp-content\/uploads\/2024\/05\/armas-Deraa-1.jpg'><img loading=\"lazy\" decoding=\"async\" width=\"1098\" height=\"667\" src=\"https:\/\/archive.sana.sy\/es\/wp-content\/uploads\/2024\/05\/armas-Deraa-1.jpg\" class=\"attachment-full size-full\" alt=\"\" srcset=\"https:\/\/archive.sana.sy\/es\/wp-content\/uploads\/2024\/05\/armas-Deraa-1.jpg 1098w, https:\/\/archive.sana.sy\/es\/wp-content\/uploads\/2024\/05\/armas-Deraa-1-300x182.jpg 300w, https:\/\/archive.sana.sy\/es\/wp-content\/uploads\/2024\/05\/armas-Deraa-1-1024x622.jpg 1024w, https:\/\/archive.sana.sy\/es\/wp-content\/uploads\/2024\/05\/armas-Deraa-1-150x91.jpg 150w, https:\/\/archive.sana.sy\/es\/wp-content\/uploads\/2024\/05\/armas-Deraa-1-768x467.jpg 768w\" sizes=\"(max-width: 1098px) 100vw, 1098px\" \/><\/a>\n\t\t\t<\/div><\/figure><figure class='gallery-item'>\n\t\t\t<div class='gallery-icon landscape'>\n\t\t\t\t<a href='https:\/\/archive.sana.sy\/es\/wp-content\/uploads\/2024\/05\/armas-Deraa-3.jpg'><img loading=\"lazy\" decoding=\"async\" width=\"1103\" height=\"667\" src=\"https:\/\/archive.sana.sy\/es\/wp-content\/uploads\/2024\/05\/armas-Deraa-3.jpg\" class=\"attachment-full size-full\" alt=\"\" srcset=\"https:\/\/archive.sana.sy\/es\/wp-content\/uploads\/2024\/05\/armas-Deraa-3.jpg 1103w, https:\/\/archive.sana.sy\/es\/wp-content\/uploads\/2024\/05\/armas-Deraa-3-300x181.jpg 300w, https:\/\/archive.sana.sy\/es\/wp-content\/uploads\/2024\/05\/armas-Deraa-3-1024x619.jpg 1024w, https:\/\/archive.sana.sy\/es\/wp-content\/uploads\/2024\/05\/armas-Deraa-3-150x91.jpg 150w, https:\/\/archive.sana.sy\/es\/wp-content\/uploads\/2024\/05\/armas-Deraa-3-768x464.jpg 768w\" sizes=\"(max-width: 1103px) 100vw, 1103px\" \/><\/a>\n\t\t\t<\/div><\/figure>\n\t\t<\/div>\n\n<p style=\"text-align: justify\">fm\/as\/la<\/p>\n","protected":false},"excerpt":{"rendered":"<p>Deraa, 28 may (SANA) Las Fuerzas Armadas de Siria anunciaron hoy la incautaci\u00f3n de enormes cantidades de armas y municiones de los grupos terroristas. El pertrecho b\u00e9lico fue confiscado en dos grandes dep\u00f3sitos ubicados en los l\u00edmites provinciales de Deraa con Quneitra y Sweida. Entre el armamento confiscado se destacan: decenas de fusiles autom\u00e1ticos, lanzadores &hellip;<\/p>\n","protected":false},"author":42,"featured_media":330311,"comment_status":"closed","ping_status":"closed","sticky":false,"template":"","format":"standard","meta":{"footnotes":""},"categories":[597,20724,476,16688,583],"tags":[],"class_list":["post-330310","post","type-post","status-publish","format-standard","has-post-thumbnail","","category-cinta-de-noticias","category-minuto-a-minuto","category-locales","category-nacionales","category-slide"],"_links":{"self":[{"href":"https:\/\/archive.sana.sy\/es\/index.php?rest_route=\/wp\/v2\/posts\/330310"}],"collection":[{"href":"https:\/\/archive.sana.sy\/es\/index.php?rest_route=\/wp\/v2\/posts"}],"about":[{"href":"https:\/\/archive.sana.sy\/es\/index.php?rest_route=\/wp\/v2\/types\/post"}],"author":[{"embeddable":true,"href":"https:\/\/archive.sana.sy\/es\/index.php?rest_route=\/wp\/v2\/users\/42"}],"replies":[{"embeddable":true,"href":"https:\/\/archive.sana.sy\/es\/index.php?rest_route=%2Fwp%2Fv2%2Fcomments&post=330310"}],"version-history":[{"count":6,"href":"https:\/\/archive.sana.sy\/es\/index.php?rest_route=\/wp\/v2\/posts\/330310\/revisions"}],"predecessor-version":[{"id":330350,"href":"https:\/\/archive.sana.sy\/es\/index.php?rest_route=\/wp\/v2\/posts\/330310\/revisions\/330350"}],"wp:featuredmedia":[{"embeddable":true,"href":"https:\/\/archive.sana.sy\/es\/index.php?rest_route=\/wp\/v2\/media\/330311"}],"wp:attachment":[{"href":"https:\/\/archive.sana.sy\/es\/index.php?rest_route=%2Fwp%2Fv2%2Fmedia&parent=330310"}],"wp:term":[{"taxonomy":"category","embeddable":true,"href":"https:\/\/archive.sana.sy\/es\/index.php?rest_route=%2Fwp%2Fv2%2Fcategories&post=330310"},{"taxonomy":"post_tag","embeddable":true,"href":"https:\/\/archive.sana.sy\/es\/index.php?rest_route=%2Fwp%2Fv2%2Ftags&post=330310"}],"curies":[{"name":"wp","href":"https:\/\/api.w.org\/{rel}","templated":true}]}}