{"id":330317,"date":"2024-05-28T14:23:45","date_gmt":"2024-05-28T11:23:45","guid":{"rendered":"https:\/\/sana.sy\/es\/?p=330317"},"modified":"2024-05-28T14:23:45","modified_gmt":"2024-05-28T11:23:45","slug":"cifra-de-palestinos-asesinados-por-israel-en-gaza-asciende-a-36-mil-96","status":"publish","type":"post","link":"https:\/\/archive.sana.sy\/es\/?p=330317","title":{"rendered":"Cifra de palestinos asesinados por Israel en Gaza asciende a 36 mil 96"},"content":{"rendered":"<p style=\"text-align: justify;\"><span style=\"color: #800000;\"><strong>Jerusal\u00e9n ocupada, 28 may (SANA)<\/strong><\/span> El Ministerio de Salud palestino inform\u00f3 hoy que durante las \u00faltimas 24 horas, las fuerzas de ocupaci\u00f3n israel\u00edes cometieron 5 masacres en la Franja de Gaza, matando a 46 civiles e hiriendo a otros 110.<\/p>\n<p style=\"text-align: justify;\">Por medio de un comunicado, el ente de Salud confirm\u00f3 36 mil 96 muertos y 81 mil 136 heridos durante 235 d\u00edas de agresiones israel\u00edes contra Gaza.<\/p>\n<p style=\"text-align: justify;\">Durante las recientes horas, la artiller\u00eda del ej\u00e9rcito israel\u00ed bombarde\u00f3 las tiendas de campa\u00f1a de los palestinos desplazados en la localidad de Tal al-Sultan, al noroeste de Raf\u00e1, y a viviendas en las proximidades del hospital Kamal Adwan en el norte de la Franja de Gaza, lo que provoc\u00f3 la muerte de 13 palestinos y decenas de heridos.<\/p>\n<p style=\"text-align: justify;\">Asimismo, los aviones israel\u00edes bombardearon viviendas al oeste de Raf\u00e1, el campamento de Bureij y varios barrios de la ciudad de Gaza, matando a siete palestinos e hiriendo a decenas.<\/p>\n<p style=\"text-align: justify;\">De igual manera, decenas de familias palestinas fueron desplazadas hoy hacia las zonas costeras occidentales de la localidad de Jan Yunis y Deir Al-Balah tras el bombardeo de la artiller\u00eda israel\u00ed contra la ciudad de Raf\u00e1 y el Hospital Indonesio.<\/p>\n<p style=\"text-align: justify;\">Por otro lado, el Ej\u00e9rcito de ocupaci\u00f3n israel\u00ed reconoci\u00f3 que 13 de sus soldados resultaron heridos durante los combates en la Franja de Gaza, durante el \u00faltimo d\u00eda.<\/p>\n<p style=\"text-align: justify;\">fm\/as<\/p>\n","protected":false},"excerpt":{"rendered":"<p>Jerusal\u00e9n ocupada, 28 may (SANA) El Ministerio de Salud palestino inform\u00f3 hoy que durante las \u00faltimas 24 horas, las fuerzas de ocupaci\u00f3n israel\u00edes cometieron 5 masacres en la Franja de Gaza, matando a 46 civiles e hiriendo a otros 110. Por medio de un comunicado, el ente de Salud confirm\u00f3 36 mil 96 muertos y &hellip;<\/p>\n","protected":false},"author":42,"featured_media":330318,"comment_status":"closed","ping_status":"closed","sticky":false,"template":"","format":"standard","meta":{"footnotes":""},"categories":[597,456,16687,20724,583],"tags":[],"class_list":["post-330317","post","type-post","status-publish","format-standard","has-post-thumbnail","","category-cinta-de-noticias","category-arabe-internacional-politica","category-internacionales","category-minuto-a-minuto","category-slide"],"_links":{"self":[{"href":"https:\/\/archive.sana.sy\/es\/index.php?rest_route=\/wp\/v2\/posts\/330317"}],"collection":[{"href":"https:\/\/archive.sana.sy\/es\/index.php?rest_route=\/wp\/v2\/posts"}],"about":[{"href":"https:\/\/archive.sana.sy\/es\/index.php?rest_route=\/wp\/v2\/types\/post"}],"author":[{"embeddable":true,"href":"https:\/\/archive.sana.sy\/es\/index.php?rest_route=\/wp\/v2\/users\/42"}],"replies":[{"embeddable":true,"href":"https:\/\/archive.sana.sy\/es\/index.php?rest_route=%2Fwp%2Fv2%2Fcomments&post=330317"}],"version-history":[{"count":1,"href":"https:\/\/archive.sana.sy\/es\/index.php?rest_route=\/wp\/v2\/posts\/330317\/revisions"}],"predecessor-version":[{"id":330319,"href":"https:\/\/archive.sana.sy\/es\/index.php?rest_route=\/wp\/v2\/posts\/330317\/revisions\/330319"}],"wp:featuredmedia":[{"embeddable":true,"href":"https:\/\/archive.sana.sy\/es\/index.php?rest_route=\/wp\/v2\/media\/330318"}],"wp:attachment":[{"href":"https:\/\/archive.sana.sy\/es\/index.php?rest_route=%2Fwp%2Fv2%2Fmedia&parent=330317"}],"wp:term":[{"taxonomy":"category","embeddable":true,"href":"https:\/\/archive.sana.sy\/es\/index.php?rest_route=%2Fwp%2Fv2%2Fcategories&post=330317"},{"taxonomy":"post_tag","embeddable":true,"href":"https:\/\/archive.sana.sy\/es\/index.php?rest_route=%2Fwp%2Fv2%2Ftags&post=330317"}],"curies":[{"name":"wp","href":"https:\/\/api.w.org\/{rel}","templated":true}]}}