{"id":330320,"date":"2024-05-28T14:41:35","date_gmt":"2024-05-28T11:41:35","guid":{"rendered":"https:\/\/sana.sy\/es\/?p=330320"},"modified":"2024-05-28T14:41:35","modified_gmt":"2024-05-28T11:41:35","slug":"un-millon-de-palestinos-fueron-desplazados-de-rafa-por-la-fuerza-en-tres-semanas","status":"publish","type":"post","link":"https:\/\/archive.sana.sy\/es\/?p=330320","title":{"rendered":"Un mill\u00f3n de palestinos fueron desplazados de Raf\u00e1 por la fuerza en tres semanas"},"content":{"rendered":"<p style=\"text-align: justify;\"><span style=\"color: #800000;\"><strong>Jerusal\u00e9n ocupada, 28 may (SANA)<\/strong><\/span> La Agencia de Obras P\u00fablicas y Socorro de las Naciones Unidas para los Refugiados de Palestina (UNRWA) anunci\u00f3 que un mill\u00f3n de palestinos se vieron obligados a huir de la ciudad de Raf\u00e1, en el sur de la Franja de Gaza, durante las \u00faltimas tres semanas, debido a las agresiones israel\u00edes.<\/p>\n<p style=\"text-align: justify;\">&#8220;Un mill\u00f3n de personas fueron desplazadas de Raf\u00e1 pese a que no hay ning\u00fan lugar seguro adonde ir y en medio de los bombardeos israel\u00edes&#8221;, inform\u00f3 la Unrwa en su cuenta en la plataforma X.<\/p>\n<p style=\"text-align: justify;\">Aclar\u00f3 que la falta de alimentos y agua, la acumulaci\u00f3n de montones de desechos y las dif\u00edciles condiciones de vida hacen que prestar asistencia sea casi imposible d\u00eda tras d\u00eda.<img loading=\"lazy\" decoding=\"async\" class=\"size-medium wp-image-330321 alignright\" src=\"http:\/\/sana.sy\/es\/wp-content\/uploads\/2024\/05\/photo_2024-05-28_14-39-53-300x169.jpg\" alt=\"\" width=\"300\" height=\"169\" srcset=\"https:\/\/archive.sana.sy\/es\/wp-content\/uploads\/2024\/05\/photo_2024-05-28_14-39-53-300x169.jpg 300w, https:\/\/archive.sana.sy\/es\/wp-content\/uploads\/2024\/05\/photo_2024-05-28_14-39-53-150x84.jpg 150w, https:\/\/archive.sana.sy\/es\/wp-content\/uploads\/2024\/05\/photo_2024-05-28_14-39-53-768x432.jpg 768w, https:\/\/archive.sana.sy\/es\/wp-content\/uploads\/2024\/05\/photo_2024-05-28_14-39-53.jpg 864w\" sizes=\"(max-width: 300px) 100vw, 300px\" \/><\/p>\n<p style=\"text-align: justify;\">La invasi\u00f3n israel\u00ed a Raf\u00e1 comenz\u00f3 el d\u00eda seis de este mes a pesar del amplio rechazo internacional.<\/p>\n<p style=\"text-align: justify;\">El Ministerio de Salud palestino inform\u00f3 hoy que durante las \u00faltimas 24 horas, las fuerzas de ocupaci\u00f3n israel\u00edes cometieron 5 masacres en la Franja de Gaza, matando a 46 civiles e hiriendo a otros 110.<\/p>\n<p style=\"text-align: justify;\">Por medio de un comunicado, el ente de Salud confirm\u00f3 36 mil 96 muertos y 81 mil 136 heridos durante 235 d\u00edas de agresiones israel\u00edes contra Gaza.<\/p>\n<p style=\"text-align: justify;\">fm\/as<\/p>\n","protected":false},"excerpt":{"rendered":"<p>Jerusal\u00e9n ocupada, 28 may (SANA) La Agencia de Obras P\u00fablicas y Socorro de las Naciones Unidas para los Refugiados de Palestina (UNRWA) anunci\u00f3 que un mill\u00f3n de palestinos se vieron obligados a huir de la ciudad de Raf\u00e1, en el sur de la Franja de Gaza, durante las \u00faltimas tres semanas, debido a las agresiones &hellip;<\/p>\n","protected":false},"author":42,"featured_media":330322,"comment_status":"closed","ping_status":"closed","sticky":false,"template":"","format":"standard","meta":{"footnotes":""},"categories":[597,456,16687,20724,7541],"tags":[],"class_list":["post-330320","post","type-post","status-publish","format-standard","has-post-thumbnail","","category-cinta-de-noticias","category-arabe-internacional-politica","category-internacionales","category-minuto-a-minuto","category-ultimas-noticias"],"_links":{"self":[{"href":"https:\/\/archive.sana.sy\/es\/index.php?rest_route=\/wp\/v2\/posts\/330320"}],"collection":[{"href":"https:\/\/archive.sana.sy\/es\/index.php?rest_route=\/wp\/v2\/posts"}],"about":[{"href":"https:\/\/archive.sana.sy\/es\/index.php?rest_route=\/wp\/v2\/types\/post"}],"author":[{"embeddable":true,"href":"https:\/\/archive.sana.sy\/es\/index.php?rest_route=\/wp\/v2\/users\/42"}],"replies":[{"embeddable":true,"href":"https:\/\/archive.sana.sy\/es\/index.php?rest_route=%2Fwp%2Fv2%2Fcomments&post=330320"}],"version-history":[{"count":1,"href":"https:\/\/archive.sana.sy\/es\/index.php?rest_route=\/wp\/v2\/posts\/330320\/revisions"}],"predecessor-version":[{"id":330323,"href":"https:\/\/archive.sana.sy\/es\/index.php?rest_route=\/wp\/v2\/posts\/330320\/revisions\/330323"}],"wp:featuredmedia":[{"embeddable":true,"href":"https:\/\/archive.sana.sy\/es\/index.php?rest_route=\/wp\/v2\/media\/330322"}],"wp:attachment":[{"href":"https:\/\/archive.sana.sy\/es\/index.php?rest_route=%2Fwp%2Fv2%2Fmedia&parent=330320"}],"wp:term":[{"taxonomy":"category","embeddable":true,"href":"https:\/\/archive.sana.sy\/es\/index.php?rest_route=%2Fwp%2Fv2%2Fcategories&post=330320"},{"taxonomy":"post_tag","embeddable":true,"href":"https:\/\/archive.sana.sy\/es\/index.php?rest_route=%2Fwp%2Fv2%2Ftags&post=330320"}],"curies":[{"name":"wp","href":"https:\/\/api.w.org\/{rel}","templated":true}]}}