{"id":330326,"date":"2024-05-28T15:20:55","date_gmt":"2024-05-28T12:20:55","guid":{"rendered":"https:\/\/sana.sy\/es\/?p=330326"},"modified":"2024-05-28T15:21:24","modified_gmt":"2024-05-28T12:21:24","slug":"miles-se-manifiestan-en-paris-para-denunciar-el-bombardeo-israeli-contra-desplazados-palestinos-de-rafa","status":"publish","type":"post","link":"https:\/\/archive.sana.sy\/es\/?p=330326","title":{"rendered":"Miles se manifiestan en Par\u00eds para denunciar el bombardeo israel\u00ed contra desplazados palestinos de Raf\u00e1"},"content":{"rendered":"<p style=\"text-align: justify;\"><span style=\"color: #800000;\"><strong>Par\u00eds, 28 may (SANA)<\/strong> <\/span>Miles de personas protestaron en Par\u00edus, la capital francesa, para denunciar la nueva masacre cometida por las fuerzas de ocupaci\u00f3n israel\u00edes al bombardear tiendas de campa\u00f1a de los desplazados en Raf\u00e1, al sur de la Franja de Gaza.<\/p>\n<p style=\"text-align: justify;\">La Agencia AFP inform\u00f3 que los manifestantes se reunieron a unos cientos de metros de la embajada israel\u00ed y cantaron: &#8220;Todos somos hijos de Gaza&#8221;, &#8220;Viva la lucha del pueblo palestino&#8221;. \u201cLibertad para Gaza\u201d y \u201cGaza, Par\u00eds est\u00e1 contigo\u201d.<\/p>\n<p style=\"text-align: justify;\">Los indignados izaron banderas palestinas, algunos colocaron keffiyehs, mientras que otros levantaron pancartas que dec\u00edan: &#8220;No se debe asesinar a los ni\u00f1os, alto a los bombardeos y libertad para Palestina&#8221;.<\/p>\n<p style=\"text-align: justify;\">El vicepresidente de la Asociaci\u00f3n Francesa de Solidaridad con Palestina, Fran\u00e7ois Rieb, uno de los organizadores de la manifestaci\u00f3n, afirm\u00f3 que los palestinos fueron quemados vivos como resultado de un bombardeo israel\u00ed contra un campo de refugiados.<\/p>\n<p style=\"text-align: justify;\">El n\u00famero de participantes en la manifestaci\u00f3n se estim\u00f3 en miles, mientras que la polic\u00eda de Par\u00eds valor\u00f3 el n\u00famero en unos diez mil.<\/p>\n<p style=\"text-align: justify;\">Una gran pancarta llevaba dibujos de los rostros del presidente franc\u00e9s Emmanuel Macron y del presidente estadounidense Joe Biden, as\u00ed como del primer ministro israel\u00ed Benjam\u00edn Netanyahu, con el lema \u201cEst\u00e1n asesinando a la humanidad\u201d.<\/p>\n<p style=\"text-align: justify;\">fm\/as<\/p>\n","protected":false},"excerpt":{"rendered":"<p>Par\u00eds, 28 may (SANA) Miles de personas protestaron en Par\u00edus, la capital francesa, para denunciar la nueva masacre cometida por las fuerzas de ocupaci\u00f3n israel\u00edes al bombardear tiendas de campa\u00f1a de los desplazados en Raf\u00e1, al sur de la Franja de Gaza. La Agencia AFP inform\u00f3 que los manifestantes se reunieron a unos cientos de &hellip;<\/p>\n","protected":false},"author":42,"featured_media":330327,"comment_status":"closed","ping_status":"closed","sticky":false,"template":"","format":"standard","meta":{"footnotes":""},"categories":[597,456,16687,20724,7541],"tags":[],"class_list":["post-330326","post","type-post","status-publish","format-standard","has-post-thumbnail","","category-cinta-de-noticias","category-arabe-internacional-politica","category-internacionales","category-minuto-a-minuto","category-ultimas-noticias"],"_links":{"self":[{"href":"https:\/\/archive.sana.sy\/es\/index.php?rest_route=\/wp\/v2\/posts\/330326"}],"collection":[{"href":"https:\/\/archive.sana.sy\/es\/index.php?rest_route=\/wp\/v2\/posts"}],"about":[{"href":"https:\/\/archive.sana.sy\/es\/index.php?rest_route=\/wp\/v2\/types\/post"}],"author":[{"embeddable":true,"href":"https:\/\/archive.sana.sy\/es\/index.php?rest_route=\/wp\/v2\/users\/42"}],"replies":[{"embeddable":true,"href":"https:\/\/archive.sana.sy\/es\/index.php?rest_route=%2Fwp%2Fv2%2Fcomments&post=330326"}],"version-history":[{"count":1,"href":"https:\/\/archive.sana.sy\/es\/index.php?rest_route=\/wp\/v2\/posts\/330326\/revisions"}],"predecessor-version":[{"id":330328,"href":"https:\/\/archive.sana.sy\/es\/index.php?rest_route=\/wp\/v2\/posts\/330326\/revisions\/330328"}],"wp:featuredmedia":[{"embeddable":true,"href":"https:\/\/archive.sana.sy\/es\/index.php?rest_route=\/wp\/v2\/media\/330327"}],"wp:attachment":[{"href":"https:\/\/archive.sana.sy\/es\/index.php?rest_route=%2Fwp%2Fv2%2Fmedia&parent=330326"}],"wp:term":[{"taxonomy":"category","embeddable":true,"href":"https:\/\/archive.sana.sy\/es\/index.php?rest_route=%2Fwp%2Fv2%2Fcategories&post=330326"},{"taxonomy":"post_tag","embeddable":true,"href":"https:\/\/archive.sana.sy\/es\/index.php?rest_route=%2Fwp%2Fv2%2Ftags&post=330326"}],"curies":[{"name":"wp","href":"https:\/\/api.w.org\/{rel}","templated":true}]}}