{"id":330338,"date":"2024-05-28T17:05:19","date_gmt":"2024-05-28T14:05:19","guid":{"rendered":"https:\/\/sana.sy\/es\/?p=330338"},"modified":"2024-05-28T18:08:41","modified_gmt":"2024-05-28T15:08:41","slug":"nueva-masacre-israeli-en-rafah-cobra-la-vida-de-mas-de-20-palestinos","status":"publish","type":"post","link":"https:\/\/archive.sana.sy\/es\/?p=330338","title":{"rendered":"Nueva masacre israel\u00ed en Rafah se cobra la vida de m\u00e1s de 20 palestinos"},"content":{"rendered":"<p style=\"text-align: justify\"><span style=\"color: #800000\"><strong>Jerusal\u00e9n ocupada, 28 may (SANA)<\/strong><\/span> Las fuerzas israel\u00edes cometieron hoy una nueva masacre en la ciudad de Rafah, donde se refugian casi un mill\u00f3n y medio de palestinos desplazados de diferentes partes de la Franja de Gaza.<\/p>\n<p style=\"text-align: justify\">Los medios palestinos informaron que la aviaci\u00f3n y artiller\u00eda del ocupante atacaron tiendas de campa\u00f1a de desplazados en la zona de Al-Mawasi, al oeste de Rafah, provocando la muerte de m\u00e1s de 20 palestinos y decenas de heridos.<\/p>\n<p style=\"text-align: justify\">La ocupaci\u00f3n bombarde\u00f3 viviendas en la zona de Nseirat, en el centro de la Franja, y en Beit Hanoun, en el norte, lo que dej\u00f3 cuatro m\u00e1rtires y varios heridos.<\/p>\n<p style=\"text-align: justify\">Esta ma\u00f1ana, \u201cIsrael\u201d llev\u00f3 a cabo una masacre en un campamento de desplazados de la UNRWA en la zona de Tal al-Sultan, al oeste de Rafah, la cual se cobr\u00f3 la vida de 7 palestinos y dej\u00f3 numerosos heridos. \u00a0El pasado domingo, los aviones israel\u00edes bombardearon las tiendas de campa\u00f1a de desplazados en la misma zona, causando 45 v\u00edctimas mortales y 249 heridos.<\/p>\n<p style=\"text-align: justify\">Cabe destacar que el ocupante mat\u00f3 a 72 personas desplazadas en 48 horas al bombardear campamentos de desplazados instalados en zonas que, seg\u00fan afirmaba, eran seguras, al oeste de Rafah.<\/p>\n<p style=\"text-align: justify\">la<\/p>\n","protected":false},"excerpt":{"rendered":"<p>Jerusal\u00e9n ocupada, 28 may (SANA) Las fuerzas israel\u00edes cometieron hoy una nueva masacre en la ciudad de Rafah, donde se refugian casi un mill\u00f3n y medio de palestinos desplazados de diferentes partes de la Franja de Gaza. Los medios palestinos informaron que la aviaci\u00f3n y artiller\u00eda del ocupante atacaron tiendas de campa\u00f1a de desplazados en &hellip;<\/p>\n","protected":false},"author":24,"featured_media":330339,"comment_status":"closed","ping_status":"closed","sticky":false,"template":"","format":"standard","meta":{"footnotes":""},"categories":[597,456,16687,20724,7541],"tags":[],"class_list":["post-330338","post","type-post","status-publish","format-standard","has-post-thumbnail","","category-cinta-de-noticias","category-arabe-internacional-politica","category-internacionales","category-minuto-a-minuto","category-ultimas-noticias"],"_links":{"self":[{"href":"https:\/\/archive.sana.sy\/es\/index.php?rest_route=\/wp\/v2\/posts\/330338"}],"collection":[{"href":"https:\/\/archive.sana.sy\/es\/index.php?rest_route=\/wp\/v2\/posts"}],"about":[{"href":"https:\/\/archive.sana.sy\/es\/index.php?rest_route=\/wp\/v2\/types\/post"}],"author":[{"embeddable":true,"href":"https:\/\/archive.sana.sy\/es\/index.php?rest_route=\/wp\/v2\/users\/24"}],"replies":[{"embeddable":true,"href":"https:\/\/archive.sana.sy\/es\/index.php?rest_route=%2Fwp%2Fv2%2Fcomments&post=330338"}],"version-history":[{"count":5,"href":"https:\/\/archive.sana.sy\/es\/index.php?rest_route=\/wp\/v2\/posts\/330338\/revisions"}],"predecessor-version":[{"id":330355,"href":"https:\/\/archive.sana.sy\/es\/index.php?rest_route=\/wp\/v2\/posts\/330338\/revisions\/330355"}],"wp:featuredmedia":[{"embeddable":true,"href":"https:\/\/archive.sana.sy\/es\/index.php?rest_route=\/wp\/v2\/media\/330339"}],"wp:attachment":[{"href":"https:\/\/archive.sana.sy\/es\/index.php?rest_route=%2Fwp%2Fv2%2Fmedia&parent=330338"}],"wp:term":[{"taxonomy":"category","embeddable":true,"href":"https:\/\/archive.sana.sy\/es\/index.php?rest_route=%2Fwp%2Fv2%2Fcategories&post=330338"},{"taxonomy":"post_tag","embeddable":true,"href":"https:\/\/archive.sana.sy\/es\/index.php?rest_route=%2Fwp%2Fv2%2Ftags&post=330338"}],"curies":[{"name":"wp","href":"https:\/\/api.w.org\/{rel}","templated":true}]}}