{"id":330351,"date":"2024-05-28T18:00:10","date_gmt":"2024-05-28T15:00:10","guid":{"rendered":"https:\/\/sana.sy\/es\/?p=330351"},"modified":"2024-05-28T18:00:10","modified_gmt":"2024-05-28T15:00:10","slug":"siria-e-iraq-abordan-vias-de-mejorar-cooperacion-en-los-campos-de-salud-e-industria-farmaceutica","status":"publish","type":"post","link":"https:\/\/archive.sana.sy\/es\/?p=330351","title":{"rendered":"Siria e Iraq abordan v\u00edas de mejorar cooperaci\u00f3n en los campos de salud e industria farmac\u00e9utica"},"content":{"rendered":"<p style=\"text-align: justify\"><span style=\"color: #800000\"><strong>Ginebra, 28 may (SANA)<\/strong><\/span> El titular de Salud, Hassan Al-Ghobash, abord\u00f3 este martes con su hom\u00f3logo iraqu\u00ed, Saleh Al-Hasnawi, las v\u00edas de mejorar las relaciones binacionales en materia de salud.<\/p>\n<p style=\"text-align: justify\">La reuni\u00f3n se celebr\u00f3 al margen de la 77\u00aa sesi\u00f3n de la Asamblea Mundial de la Salud que comenz\u00f3 ayer sus trabajos en Ginebra.<\/p>\n<p style=\"text-align: justify\">Las dos partes acordaron impulsar la cooperaci\u00f3n conjunta, especialmente en lo que respecta a la industria farmac\u00e9utica, y seguir facilitando el registro de medicamentos sirios en Iraq.<\/p>\n<p style=\"text-align: justify\">Asimismo destacaron la importancia de intercambiar las experiencias de manera que garantice el desarrollo de los servicios m\u00e9dicos en los dos pa\u00edses.<\/p>\n<p style=\"text-align: justify\">La necesidad de adoptar una posici\u00f3n \u00e1rabe unificada sobre el impacto sanitario y humanitario de la continua agresi\u00f3n israel\u00ed contra los palestinos de Gaza, ha sido tambi\u00e9n uno de los temas pilares del encuentro sirio-iraqu\u00ed.<\/p>\n<p style=\"text-align: justify\">la<\/p>\n","protected":false},"excerpt":{"rendered":"<p>Ginebra, 28 may (SANA) El titular de Salud, Hassan Al-Ghobash, abord\u00f3 este martes con su hom\u00f3logo iraqu\u00ed, Saleh Al-Hasnawi, las v\u00edas de mejorar las relaciones binacionales en materia de salud. La reuni\u00f3n se celebr\u00f3 al margen de la 77\u00aa sesi\u00f3n de la Asamblea Mundial de la Salud que comenz\u00f3 ayer sus trabajos en Ginebra. Las &hellip;<\/p>\n","protected":false},"author":24,"featured_media":330352,"comment_status":"closed","ping_status":"closed","sticky":false,"template":"","format":"standard","meta":{"footnotes":""},"categories":[597,20724,467,7541],"tags":[],"class_list":["post-330351","post","type-post","status-publish","format-standard","has-post-thumbnail","","category-cinta-de-noticias","category-minuto-a-minuto","category-siria-y-el-mundo","category-ultimas-noticias"],"_links":{"self":[{"href":"https:\/\/archive.sana.sy\/es\/index.php?rest_route=\/wp\/v2\/posts\/330351"}],"collection":[{"href":"https:\/\/archive.sana.sy\/es\/index.php?rest_route=\/wp\/v2\/posts"}],"about":[{"href":"https:\/\/archive.sana.sy\/es\/index.php?rest_route=\/wp\/v2\/types\/post"}],"author":[{"embeddable":true,"href":"https:\/\/archive.sana.sy\/es\/index.php?rest_route=\/wp\/v2\/users\/24"}],"replies":[{"embeddable":true,"href":"https:\/\/archive.sana.sy\/es\/index.php?rest_route=%2Fwp%2Fv2%2Fcomments&post=330351"}],"version-history":[{"count":1,"href":"https:\/\/archive.sana.sy\/es\/index.php?rest_route=\/wp\/v2\/posts\/330351\/revisions"}],"predecessor-version":[{"id":330353,"href":"https:\/\/archive.sana.sy\/es\/index.php?rest_route=\/wp\/v2\/posts\/330351\/revisions\/330353"}],"wp:featuredmedia":[{"embeddable":true,"href":"https:\/\/archive.sana.sy\/es\/index.php?rest_route=\/wp\/v2\/media\/330352"}],"wp:attachment":[{"href":"https:\/\/archive.sana.sy\/es\/index.php?rest_route=%2Fwp%2Fv2%2Fmedia&parent=330351"}],"wp:term":[{"taxonomy":"category","embeddable":true,"href":"https:\/\/archive.sana.sy\/es\/index.php?rest_route=%2Fwp%2Fv2%2Fcategories&post=330351"},{"taxonomy":"post_tag","embeddable":true,"href":"https:\/\/archive.sana.sy\/es\/index.php?rest_route=%2Fwp%2Fv2%2Ftags&post=330351"}],"curies":[{"name":"wp","href":"https:\/\/api.w.org\/{rel}","templated":true}]}}