{"id":330356,"date":"2024-05-28T18:41:20","date_gmt":"2024-05-28T15:41:20","guid":{"rendered":"https:\/\/sana.sy\/es\/?p=330356"},"modified":"2024-05-28T18:51:30","modified_gmt":"2024-05-28T15:51:30","slug":"presidente-al-assad-recibe-a-representantes-del-fondo-de-solidaridad-y-desarrollo-social","status":"publish","type":"post","link":"https:\/\/archive.sana.sy\/es\/?p=330356","title":{"rendered":"Presidente Al-Assad recibe a representantes del Fondo de Solidaridad y Desarrollo Social"},"content":{"rendered":"<p style=\"text-align: justify\"><span style=\"color: #800000\"><strong>Damasco, 28 may (SANA)<\/strong><\/span> El presidente, Bashar Al-Assad se reuni\u00f3 este martes con representantes del Fondo de Solidaridad y Desarrollo Social, as\u00ed como con un amplio grupo de beneficiarios del mismo.<\/p>\n<p style=\"text-align: justify\">La reuni\u00f3n se centr\u00f3 en la experiencia de desarrollo del Fondo a la luz de los desaf\u00edos econ\u00f3micos que enfrenta Siria, entre otros pa\u00edses del el mundo.<\/p>\n<p style=\"text-align: justify\">Durante el encuentro se hizo hincapi\u00e9 en que los peque\u00f1os proyectos son la base de la econom\u00eda y su m\u00e1s importante instrumento de desarrollo, as\u00ed como se abord\u00f3 una serie de propuestas para cumplir con los requisitos administrativos y legales de estos proyectos.<\/p>\n<p style=\"text-align: justify\">El presidente Al-Assad destac\u00f3 que los proyectos peque\u00f1os son m\u00e1s oportunos para el ambiente econ\u00f3mico y financiero de Siria por su rol en empoderar econ\u00f3micamente al mayor n\u00famero de sirios, a diferencia de las grandes inversiones que requieren un ambiente m\u00e1s complejo y mayores requisitos.<\/p>\n<p style=\"text-align: justify\">Resalt\u00f3 la importancia de trabajar para establecer fondos de fomento similares al Fondo de Solidaridad con el fin de apoyar a los j\u00f3venes, sus oportunidades laborales y productivas.<\/p>\n<p style=\"text-align: justify\">Record\u00f3 la tendencia del Estado para establecer las bases, requisitos legales y entorno administrativo y regulatorio de los proyectos peque\u00f1os y microproyectos.<\/p>\n<p style=\"text-align: justify\">Asimismo asever\u00f3 que el concepto de la justicia social formar\u00e1 el t\u00edtulo de la identidad de la orientaci\u00f3n socioecon\u00f3mica para la siguiente etapa, y enfatiz\u00f3 el v\u00ednculo de la misma con los conceptos de ciudadan\u00eda, identidad y pertenencia.<\/p>\n<p style=\"text-align: justify\">A su vez, los beneficiarios de los programas del Fondo de Desarrollo y Solidaridad Social expusieron su experiencia y los desaf\u00edos m\u00e1s destacados que enfrentan los peque\u00f1os proyectos.<\/p>\n<div id='gallery-1' class='gallery galleryid-330356 gallery-columns-1 gallery-size-large'><figure class='gallery-item'>\n\t\t\t<div class='gallery-icon landscape'>\n\t\t\t\t<a href='https:\/\/archive.sana.sy\/es\/wp-content\/uploads\/2024\/05\/02-scaled.jpg'><img loading=\"lazy\" decoding=\"async\" width=\"618\" height=\"349\" src=\"https:\/\/archive.sana.sy\/es\/wp-content\/uploads\/2024\/05\/02-1024x578.jpg\" class=\"attachment-large size-large\" alt=\"\" srcset=\"https:\/\/archive.sana.sy\/es\/wp-content\/uploads\/2024\/05\/02-1024x578.jpg 1024w, https:\/\/archive.sana.sy\/es\/wp-content\/uploads\/2024\/05\/02-300x169.jpg 300w, https:\/\/archive.sana.sy\/es\/wp-content\/uploads\/2024\/05\/02-150x85.jpg 150w, https:\/\/archive.sana.sy\/es\/wp-content\/uploads\/2024\/05\/02-768x433.jpg 768w, https:\/\/archive.sana.sy\/es\/wp-content\/uploads\/2024\/05\/02-1536x867.jpg 1536w, https:\/\/archive.sana.sy\/es\/wp-content\/uploads\/2024\/05\/02-2048x1156.jpg 2048w\" sizes=\"(max-width: 618px) 100vw, 618px\" \/><\/a>\n\t\t\t<\/div><\/figure><figure class='gallery-item'>\n\t\t\t<div class='gallery-icon landscape'>\n\t\t\t\t<a href='https:\/\/archive.sana.sy\/es\/wp-content\/uploads\/2024\/05\/03-scaled.jpg'><img loading=\"lazy\" decoding=\"async\" width=\"618\" height=\"247\" src=\"https:\/\/archive.sana.sy\/es\/wp-content\/uploads\/2024\/05\/03-1024x409.jpg\" class=\"attachment-large size-large\" alt=\"\" srcset=\"https:\/\/archive.sana.sy\/es\/wp-content\/uploads\/2024\/05\/03-1024x409.jpg 1024w, https:\/\/archive.sana.sy\/es\/wp-content\/uploads\/2024\/05\/03-300x120.jpg 300w, https:\/\/archive.sana.sy\/es\/wp-content\/uploads\/2024\/05\/03-150x60.jpg 150w, https:\/\/archive.sana.sy\/es\/wp-content\/uploads\/2024\/05\/03-768x307.jpg 768w, https:\/\/archive.sana.sy\/es\/wp-content\/uploads\/2024\/05\/03-1536x613.jpg 1536w, https:\/\/archive.sana.sy\/es\/wp-content\/uploads\/2024\/05\/03-2048x817.jpg 2048w\" sizes=\"(max-width: 618px) 100vw, 618px\" \/><\/a>\n\t\t\t<\/div><\/figure><figure class='gallery-item'>\n\t\t\t<div class='gallery-icon landscape'>\n\t\t\t\t<a href='https:\/\/archive.sana.sy\/es\/wp-content\/uploads\/2024\/05\/04-1-scaled.jpg'><img loading=\"lazy\" decoding=\"async\" width=\"618\" height=\"258\" src=\"https:\/\/archive.sana.sy\/es\/wp-content\/uploads\/2024\/05\/04-1-1024x428.jpg\" class=\"attachment-large size-large\" alt=\"\" srcset=\"https:\/\/archive.sana.sy\/es\/wp-content\/uploads\/2024\/05\/04-1-1024x428.jpg 1024w, https:\/\/archive.sana.sy\/es\/wp-content\/uploads\/2024\/05\/04-1-300x125.jpg 300w, https:\/\/archive.sana.sy\/es\/wp-content\/uploads\/2024\/05\/04-1-150x63.jpg 150w, https:\/\/archive.sana.sy\/es\/wp-content\/uploads\/2024\/05\/04-1-768x321.jpg 768w, https:\/\/archive.sana.sy\/es\/wp-content\/uploads\/2024\/05\/04-1-1536x642.jpg 1536w, https:\/\/archive.sana.sy\/es\/wp-content\/uploads\/2024\/05\/04-1-2048x857.jpg 2048w\" sizes=\"(max-width: 618px) 100vw, 618px\" \/><\/a>\n\t\t\t<\/div><\/figure><figure class='gallery-item'>\n\t\t\t<div class='gallery-icon landscape'>\n\t\t\t\t<a href='https:\/\/archive.sana.sy\/es\/wp-content\/uploads\/2024\/05\/\u062a\u0648\u064a\u062a\u0631-scaled.jpg'><img loading=\"lazy\" decoding=\"async\" width=\"618\" height=\"291\" src=\"https:\/\/archive.sana.sy\/es\/wp-content\/uploads\/2024\/05\/\u062a\u0648\u064a\u062a\u0631-1024x483.jpg\" class=\"attachment-large size-large\" alt=\"\" srcset=\"https:\/\/archive.sana.sy\/es\/wp-content\/uploads\/2024\/05\/\u062a\u0648\u064a\u062a\u0631-1024x483.jpg 1024w, https:\/\/archive.sana.sy\/es\/wp-content\/uploads\/2024\/05\/\u062a\u0648\u064a\u062a\u0631-300x141.jpg 300w, https:\/\/archive.sana.sy\/es\/wp-content\/uploads\/2024\/05\/\u062a\u0648\u064a\u062a\u0631-150x71.jpg 150w, https:\/\/archive.sana.sy\/es\/wp-content\/uploads\/2024\/05\/\u062a\u0648\u064a\u062a\u0631-768x362.jpg 768w, https:\/\/archive.sana.sy\/es\/wp-content\/uploads\/2024\/05\/\u062a\u0648\u064a\u062a\u0631-1536x724.jpg 1536w, https:\/\/archive.sana.sy\/es\/wp-content\/uploads\/2024\/05\/\u062a\u0648\u064a\u062a\u0631-2048x966.jpg 2048w\" sizes=\"(max-width: 618px) 100vw, 618px\" \/><\/a>\n\t\t\t<\/div><\/figure>\n\t\t<\/div>\n\n<p style=\"text-align: justify\">la<\/p>\n","protected":false},"excerpt":{"rendered":"<p>Damasco, 28 may (SANA) El presidente, Bashar Al-Assad se reuni\u00f3 este martes con representantes del Fondo de Solidaridad y Desarrollo Social, as\u00ed como con un amplio grupo de beneficiarios del mismo. La reuni\u00f3n se centr\u00f3 en la experiencia de desarrollo del Fondo a la luz de los desaf\u00edos econ\u00f3micos que enfrenta Siria, entre otros pa\u00edses &hellip;<\/p>\n","protected":false},"author":24,"featured_media":330357,"comment_status":"closed","ping_status":"closed","sticky":false,"template":"","format":"standard","meta":{"footnotes":""},"categories":[597,20724,16237,583,626],"tags":[],"class_list":["post-330356","post","type-post","status-publish","format-standard","has-post-thumbnail","","category-cinta-de-noticias","category-minuto-a-minuto","category-presidence-de-la-republique-arabe-syria","category-slide","category-sr-presidente"],"_links":{"self":[{"href":"https:\/\/archive.sana.sy\/es\/index.php?rest_route=\/wp\/v2\/posts\/330356"}],"collection":[{"href":"https:\/\/archive.sana.sy\/es\/index.php?rest_route=\/wp\/v2\/posts"}],"about":[{"href":"https:\/\/archive.sana.sy\/es\/index.php?rest_route=\/wp\/v2\/types\/post"}],"author":[{"embeddable":true,"href":"https:\/\/archive.sana.sy\/es\/index.php?rest_route=\/wp\/v2\/users\/24"}],"replies":[{"embeddable":true,"href":"https:\/\/archive.sana.sy\/es\/index.php?rest_route=%2Fwp%2Fv2%2Fcomments&post=330356"}],"version-history":[{"count":6,"href":"https:\/\/archive.sana.sy\/es\/index.php?rest_route=\/wp\/v2\/posts\/330356\/revisions"}],"predecessor-version":[{"id":330367,"href":"https:\/\/archive.sana.sy\/es\/index.php?rest_route=\/wp\/v2\/posts\/330356\/revisions\/330367"}],"wp:featuredmedia":[{"embeddable":true,"href":"https:\/\/archive.sana.sy\/es\/index.php?rest_route=\/wp\/v2\/media\/330357"}],"wp:attachment":[{"href":"https:\/\/archive.sana.sy\/es\/index.php?rest_route=%2Fwp%2Fv2%2Fmedia&parent=330356"}],"wp:term":[{"taxonomy":"category","embeddable":true,"href":"https:\/\/archive.sana.sy\/es\/index.php?rest_route=%2Fwp%2Fv2%2Fcategories&post=330356"},{"taxonomy":"post_tag","embeddable":true,"href":"https:\/\/archive.sana.sy\/es\/index.php?rest_route=%2Fwp%2Fv2%2Ftags&post=330356"}],"curies":[{"name":"wp","href":"https:\/\/api.w.org\/{rel}","templated":true}]}}