{"id":330368,"date":"2024-05-28T19:05:48","date_gmt":"2024-05-28T16:05:48","guid":{"rendered":"https:\/\/sana.sy\/es\/?p=330368"},"modified":"2024-05-28T19:06:28","modified_gmt":"2024-05-28T16:06:28","slug":"330368","status":"publish","type":"post","link":"https:\/\/archive.sana.sy\/es\/?p=330368","title":{"rendered":"Medvedev llama a formar una alianza internacional para erradicar el neonazismo"},"content":{"rendered":"<p style=\"text-align: justify\"><span style=\"color: #800000\"><strong>Mosc\u00fa, 28 may (SANA)<\/strong><\/span> El vicepresidente del Consejo de Seguridad ruso, Dmitry Medvedev, dirigi\u00f3 un llamado para crear una nueva coalici\u00f3n que incluya a Rusia y otros pa\u00edses, con el objetivo de eliminar el terrorismo internacional y erradicar el nazismo del mundo.<\/p>\n<p style=\"text-align: justify\">\u201cTendremos que formar una vez m\u00e1s una alianza para combatir el terrorismo internacional y llevar a cabo una operaci\u00f3n quir\u00fargica conjunta para liberar al mundo para siempre del c\u00e1ncer del nazismo que comenz\u00f3 a extenderse 80 a\u00f1os despu\u00e9s de la victoria en la Gran Guerra Patria\u201d, cit\u00f3 la agencia TASS al alto funcionario ruso.<\/p>\n<p style=\"text-align: justify\">Medvedev destac\u00f3 la necesidad de \u201ccompletar lo que nuestros antepasados \u200b\u200bcomenzaron y lograr una victoria completa sobre el nazismo\u201d.<\/p>\n<p style=\"text-align: justify\">la<\/p>\n","protected":false},"excerpt":{"rendered":"<p>Mosc\u00fa, 28 may (SANA) El vicepresidente del Consejo de Seguridad ruso, Dmitry Medvedev, dirigi\u00f3 un llamado para crear una nueva coalici\u00f3n que incluya a Rusia y otros pa\u00edses, con el objetivo de eliminar el terrorismo internacional y erradicar el nazismo del mundo. \u201cTendremos que formar una vez m\u00e1s una alianza para combatir el terrorismo internacional &hellip;<\/p>\n","protected":false},"author":24,"featured_media":330369,"comment_status":"closed","ping_status":"closed","sticky":false,"template":"","format":"standard","meta":{"footnotes":""},"categories":[597,456,20724],"tags":[],"class_list":["post-330368","post","type-post","status-publish","format-standard","has-post-thumbnail","","category-cinta-de-noticias","category-arabe-internacional-politica","category-minuto-a-minuto"],"_links":{"self":[{"href":"https:\/\/archive.sana.sy\/es\/index.php?rest_route=\/wp\/v2\/posts\/330368"}],"collection":[{"href":"https:\/\/archive.sana.sy\/es\/index.php?rest_route=\/wp\/v2\/posts"}],"about":[{"href":"https:\/\/archive.sana.sy\/es\/index.php?rest_route=\/wp\/v2\/types\/post"}],"author":[{"embeddable":true,"href":"https:\/\/archive.sana.sy\/es\/index.php?rest_route=\/wp\/v2\/users\/24"}],"replies":[{"embeddable":true,"href":"https:\/\/archive.sana.sy\/es\/index.php?rest_route=%2Fwp%2Fv2%2Fcomments&post=330368"}],"version-history":[{"count":2,"href":"https:\/\/archive.sana.sy\/es\/index.php?rest_route=\/wp\/v2\/posts\/330368\/revisions"}],"predecessor-version":[{"id":330371,"href":"https:\/\/archive.sana.sy\/es\/index.php?rest_route=\/wp\/v2\/posts\/330368\/revisions\/330371"}],"wp:featuredmedia":[{"embeddable":true,"href":"https:\/\/archive.sana.sy\/es\/index.php?rest_route=\/wp\/v2\/media\/330369"}],"wp:attachment":[{"href":"https:\/\/archive.sana.sy\/es\/index.php?rest_route=%2Fwp%2Fv2%2Fmedia&parent=330368"}],"wp:term":[{"taxonomy":"category","embeddable":true,"href":"https:\/\/archive.sana.sy\/es\/index.php?rest_route=%2Fwp%2Fv2%2Fcategories&post=330368"},{"taxonomy":"post_tag","embeddable":true,"href":"https:\/\/archive.sana.sy\/es\/index.php?rest_route=%2Fwp%2Fv2%2Ftags&post=330368"}],"curies":[{"name":"wp","href":"https:\/\/api.w.org\/{rel}","templated":true}]}}