{"id":330372,"date":"2024-05-28T19:46:24","date_gmt":"2024-05-28T16:46:24","guid":{"rendered":"https:\/\/sana.sy\/es\/?p=330372"},"modified":"2024-05-28T19:54:08","modified_gmt":"2024-05-28T16:54:08","slug":"parlamento-homenajea-a-los-guardias-sirios-que-cayeron-martires-en-1945-a-manos-de-los-colonialistas-franceses","status":"publish","type":"post","link":"https:\/\/archive.sana.sy\/es\/?p=330372","title":{"rendered":"Parlamento homenajea a los guardias sirios que cayeron m\u00e1rtires en 1945 a manos de los colonialistas franceses"},"content":{"rendered":"<p style=\"text-align: justify\"><span style=\"color: #800000\"><strong>Damasco, 28 may (SANA)<\/strong><\/span> La Asamblea del Pueblo rindi\u00f3 tributo hoy a la memoria de los guardias del Parlamento sirio que cayeron m\u00e1rtires a manos de las fuerzas coloniales de Francia en la fecha del 29 de mayo de 1945.<\/p>\n<p style=\"text-align: justify\">En un comunicado, el Parlamento homenaje\u00f3 a los 32 polic\u00edas y guardias del parlamento que prefirieron perder su vida a obedecer las \u00f3rdenes del comandante franc\u00e9s de hacer un saludo militar a la bandera francesa.<\/p>\n<p style=\"text-align: justify\">Record\u00f3 la lucha del pueblo y ejercito sirios a lo largo de los \u00faltimos 13 a\u00f1os contra el neocolonialismo y el terrorismo, s\u00famales las medidas econ\u00f3micas coercitivas, expresando su fe en su capacidad de lograr la victoria definitiva sobre estos flagelos.<\/p>\n<p style=\"text-align: justify\">Concluyendo el comunicado, el Parlamento dirigi\u00f3 un saludo solemne a las alamas de todos los soldados sirios que obsequiaron su sangre para conservar la soberan\u00eda y dignidad de la Patria.<\/p>\n<p style=\"text-align: justify\">la<\/p>\n","protected":false},"excerpt":{"rendered":"<p>Damasco, 28 may (SANA) La Asamblea del Pueblo rindi\u00f3 tributo hoy a la memoria de los guardias del Parlamento sirio que cayeron m\u00e1rtires a manos de las fuerzas coloniales de Francia en la fecha del 29 de mayo de 1945. En un comunicado, el Parlamento homenaje\u00f3 a los 32 polic\u00edas y guardias del parlamento que &hellip;<\/p>\n","protected":false},"author":24,"featured_media":330373,"comment_status":"closed","ping_status":"closed","sticky":false,"template":"","format":"standard","meta":{"footnotes":""},"categories":[447,597,20724,476,448,7541],"tags":[],"class_list":["post-330372","post","type-post","status-publish","format-standard","has-post-thumbnail","","category-local-politica","category-cinta-de-noticias","category-minuto-a-minuto","category-locales","category-noticias","category-ultimas-noticias"],"_links":{"self":[{"href":"https:\/\/archive.sana.sy\/es\/index.php?rest_route=\/wp\/v2\/posts\/330372"}],"collection":[{"href":"https:\/\/archive.sana.sy\/es\/index.php?rest_route=\/wp\/v2\/posts"}],"about":[{"href":"https:\/\/archive.sana.sy\/es\/index.php?rest_route=\/wp\/v2\/types\/post"}],"author":[{"embeddable":true,"href":"https:\/\/archive.sana.sy\/es\/index.php?rest_route=\/wp\/v2\/users\/24"}],"replies":[{"embeddable":true,"href":"https:\/\/archive.sana.sy\/es\/index.php?rest_route=%2Fwp%2Fv2%2Fcomments&post=330372"}],"version-history":[{"count":3,"href":"https:\/\/archive.sana.sy\/es\/index.php?rest_route=\/wp\/v2\/posts\/330372\/revisions"}],"predecessor-version":[{"id":330379,"href":"https:\/\/archive.sana.sy\/es\/index.php?rest_route=\/wp\/v2\/posts\/330372\/revisions\/330379"}],"wp:featuredmedia":[{"embeddable":true,"href":"https:\/\/archive.sana.sy\/es\/index.php?rest_route=\/wp\/v2\/media\/330373"}],"wp:attachment":[{"href":"https:\/\/archive.sana.sy\/es\/index.php?rest_route=%2Fwp%2Fv2%2Fmedia&parent=330372"}],"wp:term":[{"taxonomy":"category","embeddable":true,"href":"https:\/\/archive.sana.sy\/es\/index.php?rest_route=%2Fwp%2Fv2%2Fcategories&post=330372"},{"taxonomy":"post_tag","embeddable":true,"href":"https:\/\/archive.sana.sy\/es\/index.php?rest_route=%2Fwp%2Fv2%2Ftags&post=330372"}],"curies":[{"name":"wp","href":"https:\/\/api.w.org\/{rel}","templated":true}]}}